{"id":9066,"date":"2023-02-02T10:37:09","date_gmt":"2023-02-02T09:37:09","guid":{"rendered":"https:\/\/agora.xtec.cat\/ceipalbirka\/?p=9066"},"modified":"2023-02-02T11:24:38","modified_gmt":"2023-02-02T10:24:38","slug":"els-alumnes-de-cs-hem-anat-al-liceu-de-barcelona","status":"publish","type":"post","link":"https:\/\/agora.xtec.cat\/ceipalbirka\/general\/els-alumnes-de-cs-hem-anat-al-liceu-de-barcelona\/","title":{"rendered":"HEM ANAT AL GRAN TEATRE DEL LICEU DE BARCELONA!! -CS-"},"content":{"rendered":"<p style=\"text-align: justify;\">El dimecres 18 de gener vam anar, tots els alumnes de prim\u00e0ria, \u00e9s a dir, de 1r a 6\u00e8, al<strong> GRAN TEATRE DEL LICEU<\/strong> de Barcelona, a veure l&#8217;\u00f2pera <em><strong>&#8220;La cuina de Rossini&#8221;<\/strong><\/em>.<\/p>\n<p style=\"text-align: justify;\">Va ser la nostra primera \u00f2pera. Tenia uns efectes especials impressionants i l&#8217;orquestra tocava en directe. Va ser impactant!! A nosaltres, els de CS ens va tocar seure a les llotges, amb set seients cada una, ens vam sentir com &#8220;p\u00fablic ric&#8221;.<\/p>\n<p style=\"text-align: justify;\">L&#8217;obra ens va agradar for\u00e7a i el Teatre ens va impressionar, era enorme i amb uns colors vermell i daurat brillant espectaculars. Despr\u00e9s de dinar, que ho vam fer tota l&#8217;escola a la <strong>PLA\u00c7A REIAL<\/strong>, els alumnes de Cicle Superior vam fer una visita guiada al Mercat de la Boqueria i tamb\u00e9 un taller d&#8217;audiovisual a una cuina\/plat\u00f3 de televisi\u00f3 just enmig del mercat.<\/p>\n<p style=\"text-align: justify;\">Ser\u00e0 un dia que recordarem, ja que vam viure una experi\u00e8ncia molt maca i divertida per la ciutat de Barcelona.<\/p>\n<p style=\"text-align: justify;\">Si CLIQUEU a la imatge, podreu veure les fotografies!!<\/p>\n<p><a href=\"https:\/\/agora.xtec.cat\/ceipalbirka\/general\/sortida-liceu-cs\/\"><img loading=\"lazy\" decoding=\"async\" class=\"aligncenter wp-image-9059\" src=\"https:\/\/agora.xtec.cat\/ceipalbirka\/wp-content\/uploads\/usu298\/2023\/02\/c20a0343-a9a3-4314-a62b-74e83d8bf9cf-1024x576.png\" alt=\"\" width=\"139\" height=\"78\" srcset=\"https:\/\/agora.xtec.cat\/ceipalbirka\/wp-content\/uploads\/usu298\/2023\/02\/c20a0343-a9a3-4314-a62b-74e83d8bf9cf-1024x576.png 1024w, https:\/\/agora.xtec.cat\/ceipalbirka\/wp-content\/uploads\/usu298\/2023\/02\/c20a0343-a9a3-4314-a62b-74e83d8bf9cf-300x169.png 300w, https:\/\/agora.xtec.cat\/ceipalbirka\/wp-content\/uploads\/usu298\/2023\/02\/c20a0343-a9a3-4314-a62b-74e83d8bf9cf-768x432.png 768w, https:\/\/agora.xtec.cat\/ceipalbirka\/wp-content\/uploads\/usu298\/2023\/02\/c20a0343-a9a3-4314-a62b-74e83d8bf9cf.png 1267w\" sizes=\"auto, (max-width: 139px) 100vw, 139px\" \/><\/a><\/p>\n<p>&nbsp;<\/p>\n","protected":false},"excerpt":{"rendered":"<p>El dimecres 18 de gener vam anar, tots els alumnes de prim\u00e0ria, \u00e9s a dir, de 1r a 6\u00e8, al GRAN TEATRE DEL LICEU de Barcelona, a veure l&#8217;\u00f2pera &#8220;La cuina de Rossini&#8221;.<br \/>\nVa ser la nostra primera \u00f2pera. Tenia uns efectes especials impressionants i l&#8217;orquestra&hellip;  <a href=\"https:\/\/agora.xtec.cat\/ceipalbirka\/general\/els-alumnes-de-cs-hem-anat-al-liceu-de-barcelona\/\" title=\"Read HEM ANAT AL GRAN TEATRE DEL LICEU DE BARCELONA!! -CS-\">Llegeix m\u00e9s\u00bb<\/a><\/p>\n","protected":false},"author":4,"featured_media":9067,"comment_status":"closed","ping_status":"closed","sticky":false,"template":"","format":"standard","meta":{"_bbp_topic_count":0,"_bbp_reply_count":0,"_bbp_total_topic_count":0,"_bbp_total_reply_count":0,"_bbp_voice_count":0,"_bbp_anonymous_reply_count":0,"_bbp_topic_count_hidden":0,"_bbp_reply_count_hidden":0,"_bbp_forum_subforum_count":0,"footnotes":""},"categories":[21,14,41,1,37,4,75],"tags":[],"class_list":["post-9066","post","type-post","status-publish","format-standard","has-post-thumbnail","hentry","category-activitats-generals","category-cicle-superior","category-primaria","category-general","category-musica","category-portada","category-telegram"],"post_mailing_queue_ids":[],"_links":{"self":[{"href":"https:\/\/agora.xtec.cat\/ceipalbirka\/wp-json\/wp\/v2\/posts\/9066","targetHints":{"allow":["GET"]}}],"collection":[{"href":"https:\/\/agora.xtec.cat\/ceipalbirka\/wp-json\/wp\/v2\/posts"}],"about":[{"href":"https:\/\/agora.xtec.cat\/ceipalbirka\/wp-json\/wp\/v2\/types\/post"}],"author":[{"embeddable":true,"href":"https:\/\/agora.xtec.cat\/ceipalbirka\/wp-json\/wp\/v2\/users\/4"}],"replies":[{"embeddable":true,"href":"https:\/\/agora.xtec.cat\/ceipalbirka\/wp-json\/wp\/v2\/comments?post=9066"}],"version-history":[{"count":3,"href":"https:\/\/agora.xtec.cat\/ceipalbirka\/wp-json\/wp\/v2\/posts\/9066\/revisions"}],"predecessor-version":[{"id":9072,"href":"https:\/\/agora.xtec.cat\/ceipalbirka\/wp-json\/wp\/v2\/posts\/9066\/revisions\/9072"}],"wp:featuredmedia":[{"embeddable":true,"href":"https:\/\/agora.xtec.cat\/ceipalbirka\/wp-json\/wp\/v2\/media\/9067"}],"wp:attachment":[{"href":"https:\/\/agora.xtec.cat\/ceipalbirka\/wp-json\/wp\/v2\/media?parent=9066"}],"wp:term":[{"taxonomy":"category","embeddable":true,"href":"https:\/\/agora.xtec.cat\/ceipalbirka\/wp-json\/wp\/v2\/categories?post=9066"},{"taxonomy":"post_tag","embeddable":true,"href":"https:\/\/agora.xtec.cat\/ceipalbirka\/wp-json\/wp\/v2\/tags?post=9066"}],"curies":[{"name":"wp","href":"https:\/\/api.w.org\/{rel}","templated":true}]}}