{"id":9058,"date":"2023-02-02T09:50:37","date_gmt":"2023-02-02T08:50:37","guid":{"rendered":"https:\/\/agora.xtec.cat\/ceipalbirka\/?p=9058"},"modified":"2023-02-02T09:51:04","modified_gmt":"2023-02-02T08:51:04","slug":"hem-anat-al-liceu-cm","status":"publish","type":"post","link":"https:\/\/agora.xtec.cat\/ceipalbirka\/general\/hem-anat-al-liceu-cm\/","title":{"rendered":"HEM ANAT AL LICEU!! -CM-"},"content":{"rendered":"<p style=\"text-align: justify;\"><strong>La Mar, de quart, ens explicar\u00e0 com va viure la sortida al Liceu de Barcelona&#8230;<\/strong><\/p>\n<p style=\"text-align: justify;\"><em>El dia 18 de gener vam anar a una sortida al Liceu a veure \u00d2pera. Ens vam aixecar molt aviat ja que l\u2019autob\u00fas marxava a les 8h del mat\u00ed. Jo anava de parella amb la Violant i em va ensenyar a cantar una can\u00e7\u00f3. Al cap d\u2019una estona vam parar a esmorzar a un bar, cadasc\u00fa portava el seu esmorzar.<\/em><\/p>\n<p style=\"text-align: justify;\"><em>Quan vam arribar a\u00a0 Barcelona vam anar r\u00e0pid cap al Liceu. Jo em pensava que era com l\u2019Abadia, per\u00f2 no va ser aix\u00ed, era molt gran i s\u00faper xulo! L\u2019espectacle anava que la Isabella volia ser una gran cuinera i en Ros un compositor d\u2019\u00d2pera. Els vestits que portaven eren molt originals i cantaven de meravella! L\u2019\u00d2pera tot i fer-se un mica llarga em va agradar.<\/em><\/p>\n<p style=\"text-align: justify;\"><em>Despr\u00e9s vam anar a dinar a la Pla\u00e7a Reial, on hi havia uns molts coloms. Ens vam posar cada grup en rotllana i au a dinar! Amb la panxa plena vam tornar al Liceu i la Irene i en Bernat ens van explicar com funcionava el Liceu. En Bernat tocava el fagot i ens va explicar que tots els m\u00fasics tocaven a baix al fossat i la Irene feia de guia explicant-nos coses sobre el Liceu, com per exemple que els decorats de les llotges a baix de tot eren grans i a mesura que pujaven amunt s\u2019anaven fent m\u00e9s petits.<\/em><\/p>\n<p style=\"text-align: justify;\"><em>Una sorpresa que vaig tenir va ser que quan vam parar per anar al lavabo vaig veure una noia que portava un carro ple de perruques i bigotis que portaven els actors de l\u2019\u00f2pera de La Cuina de Rossini. Va ser molt divertit!<\/em><\/p>\n<p style=\"text-align: justify;\"><em>Despr\u00e9s vam anar cap a l\u2019autob\u00fas i cap a Arbeca! Va ser un dia molt divertit on vam aprendre com funcionava el Liceu i que era una \u00d2pera!<\/em><\/p>\n<p style=\"text-align: right;\"><span style=\"color: #000080;\"><em><strong>Mar Batalla Roset<\/strong><\/em><\/span><\/p>\n<p>CLIQUEU A LA IMATGE PER VEURE LES FOTOGRAFIES!!<\/p>\n<p><a href=\"https:\/\/agora.xtec.cat\/ceipalbirka\/general\/sortida-liceu-cm\/\"><img loading=\"lazy\" decoding=\"async\" class=\"aligncenter wp-image-9059\" src=\"https:\/\/agora.xtec.cat\/ceipalbirka\/wp-content\/uploads\/usu298\/2023\/02\/c20a0343-a9a3-4314-a62b-74e83d8bf9cf-1024x576.png\" alt=\"\" width=\"187\" height=\"105\" srcset=\"https:\/\/agora.xtec.cat\/ceipalbirka\/wp-content\/uploads\/usu298\/2023\/02\/c20a0343-a9a3-4314-a62b-74e83d8bf9cf-1024x576.png 1024w, https:\/\/agora.xtec.cat\/ceipalbirka\/wp-content\/uploads\/usu298\/2023\/02\/c20a0343-a9a3-4314-a62b-74e83d8bf9cf-300x169.png 300w, https:\/\/agora.xtec.cat\/ceipalbirka\/wp-content\/uploads\/usu298\/2023\/02\/c20a0343-a9a3-4314-a62b-74e83d8bf9cf-768x432.png 768w, https:\/\/agora.xtec.cat\/ceipalbirka\/wp-content\/uploads\/usu298\/2023\/02\/c20a0343-a9a3-4314-a62b-74e83d8bf9cf.png 1267w\" sizes=\"auto, (max-width: 187px) 100vw, 187px\" \/><\/a><\/p>\n","protected":false},"excerpt":{"rendered":"<p>La Mar, de quart, ens explicar\u00e0 com va viure la sortida al Liceu de Barcelona&#8230;<br \/>\nEl dia 18 de gener vam anar a una sortida al Liceu a veure \u00d2pera. Ens vam aixecar molt aviat ja que l\u2019autob\u00fas marxava a les 8h del mat\u00ed. Jo anava&hellip;  <a href=\"https:\/\/agora.xtec.cat\/ceipalbirka\/general\/hem-anat-al-liceu-cm\/\" title=\"Read HEM ANAT AL LICEU!! -CM-\">Llegeix m\u00e9s\u00bb<\/a><\/p>\n","protected":false},"author":4,"featured_media":9060,"comment_status":"closed","ping_status":"closed","sticky":false,"template":"","format":"standard","meta":{"_bbp_topic_count":0,"_bbp_reply_count":0,"_bbp_total_topic_count":0,"_bbp_total_reply_count":0,"_bbp_voice_count":0,"_bbp_anonymous_reply_count":0,"_bbp_topic_count_hidden":0,"_bbp_reply_count_hidden":0,"_bbp_forum_subforum_count":0,"footnotes":""},"categories":[21,12,41,1,37,4,75],"tags":[],"class_list":["post-9058","post","type-post","status-publish","format-standard","has-post-thumbnail","hentry","category-activitats-generals","category-cicle-mitja","category-primaria","category-general","category-musica","category-portada","category-telegram"],"post_mailing_queue_ids":[],"_links":{"self":[{"href":"https:\/\/agora.xtec.cat\/ceipalbirka\/wp-json\/wp\/v2\/posts\/9058","targetHints":{"allow":["GET"]}}],"collection":[{"href":"https:\/\/agora.xtec.cat\/ceipalbirka\/wp-json\/wp\/v2\/posts"}],"about":[{"href":"https:\/\/agora.xtec.cat\/ceipalbirka\/wp-json\/wp\/v2\/types\/post"}],"author":[{"embeddable":true,"href":"https:\/\/agora.xtec.cat\/ceipalbirka\/wp-json\/wp\/v2\/users\/4"}],"replies":[{"embeddable":true,"href":"https:\/\/agora.xtec.cat\/ceipalbirka\/wp-json\/wp\/v2\/comments?post=9058"}],"version-history":[{"count":3,"href":"https:\/\/agora.xtec.cat\/ceipalbirka\/wp-json\/wp\/v2\/posts\/9058\/revisions"}],"predecessor-version":[{"id":9065,"href":"https:\/\/agora.xtec.cat\/ceipalbirka\/wp-json\/wp\/v2\/posts\/9058\/revisions\/9065"}],"wp:featuredmedia":[{"embeddable":true,"href":"https:\/\/agora.xtec.cat\/ceipalbirka\/wp-json\/wp\/v2\/media\/9060"}],"wp:attachment":[{"href":"https:\/\/agora.xtec.cat\/ceipalbirka\/wp-json\/wp\/v2\/media?parent=9058"}],"wp:term":[{"taxonomy":"category","embeddable":true,"href":"https:\/\/agora.xtec.cat\/ceipalbirka\/wp-json\/wp\/v2\/categories?post=9058"},{"taxonomy":"post_tag","embeddable":true,"href":"https:\/\/agora.xtec.cat\/ceipalbirka\/wp-json\/wp\/v2\/tags?post=9058"}],"curies":[{"name":"wp","href":"https:\/\/api.w.org\/{rel}","templated":true}]}}