{"id":9050,"date":"2023-02-01T12:40:01","date_gmt":"2023-02-01T11:40:01","guid":{"rendered":"https:\/\/agora.xtec.cat\/ceipalbirka\/?p=9050"},"modified":"2023-02-01T12:40:01","modified_gmt":"2023-02-01T11:40:01","slug":"dia-de-la-pau-a-lescola-albirka","status":"publish","type":"post","link":"https:\/\/agora.xtec.cat\/ceipalbirka\/general\/dia-de-la-pau-a-lescola-albirka\/","title":{"rendered":"DIA DE LA PAU A L&#8217;ESCOLA ALBIRKA!"},"content":{"rendered":"<p style=\"text-align: justify;\">El dilluns 30 de gener, tot l&#8217;alumnat de l&#8217;escola hem celebrat el dia de la Pau.<\/p>\n<p style=\"text-align: justify;\">Vam construir el s\u00edmbol de la PAU amb objectes personals i vam ballar una coreografia tots junts, de la can\u00e7\u00f3 &#8220;Obrim les portes&#8221; de Txarango.<\/p>\n<p style=\"text-align: justify;\">Si cliqueu al s\u00edmbol podreu veure algunes fotografies i v\u00eddeos d&#8217;aquell dia tan especial.<\/p>\n<p><a href=\"https:\/\/agora.xtec.cat\/ceipalbirka\/general\/dia-de-la-pau-2\/\"><img loading=\"lazy\" decoding=\"async\" class=\"aligncenter  wp-image-9051\" src=\"https:\/\/agora.xtec.cat\/ceipalbirka\/wp-content\/uploads\/usu298\/2023\/02\/4e2f0257f61af0a6613617253c2b85e4-1024x1024.jpg\" alt=\"\" width=\"117\" height=\"117\" srcset=\"https:\/\/agora.xtec.cat\/ceipalbirka\/wp-content\/uploads\/usu298\/2023\/02\/4e2f0257f61af0a6613617253c2b85e4-1024x1024.jpg 1024w, https:\/\/agora.xtec.cat\/ceipalbirka\/wp-content\/uploads\/usu298\/2023\/02\/4e2f0257f61af0a6613617253c2b85e4-300x300.jpg 300w, https:\/\/agora.xtec.cat\/ceipalbirka\/wp-content\/uploads\/usu298\/2023\/02\/4e2f0257f61af0a6613617253c2b85e4-150x150.jpg 150w, https:\/\/agora.xtec.cat\/ceipalbirka\/wp-content\/uploads\/usu298\/2023\/02\/4e2f0257f61af0a6613617253c2b85e4-768x768.jpg 768w, https:\/\/agora.xtec.cat\/ceipalbirka\/wp-content\/uploads\/usu298\/2023\/02\/4e2f0257f61af0a6613617253c2b85e4.jpg 1500w\" sizes=\"auto, (max-width: 117px) 100vw, 117px\" \/><\/a><\/p>\n","protected":false},"excerpt":{"rendered":"<p>El dilluns 30 de gener, tot l&#8217;alumnat de l&#8217;escola hem celebrat el dia de la Pau.<br \/>\nVam construir el s\u00edmbol de la PAU amb objectes personals i vam ballar una coreografia tots junts, de la can\u00e7\u00f3 &#8220;Obrim les portes&#8221; de Txarango.<br \/>\nSi cliqueu al s\u00edmbol podreu veure&hellip;  <a href=\"https:\/\/agora.xtec.cat\/ceipalbirka\/general\/dia-de-la-pau-a-lescola-albirka\/\" title=\"Read DIA DE LA PAU A L&#8217;ESCOLA ALBIRKA!\">Llegeix m\u00e9s\u00bb<\/a><\/p>\n","protected":false},"author":4,"featured_media":9053,"comment_status":"closed","ping_status":"closed","sticky":false,"template":"","format":"standard","meta":{"_bbp_topic_count":0,"_bbp_reply_count":0,"_bbp_total_topic_count":0,"_bbp_total_reply_count":0,"_bbp_voice_count":0,"_bbp_anonymous_reply_count":0,"_bbp_topic_count_hidden":0,"_bbp_reply_count_hidden":0,"_bbp_forum_subforum_count":0,"footnotes":""},"categories":[21,10,12,14,40,41,1,37,4,75],"tags":[],"class_list":["post-9050","post","type-post","status-publish","format-standard","has-post-thumbnail","hentry","category-activitats-generals","category-cicle-inicial","category-cicle-mitja","category-cicle-superior","category-infantil","category-primaria","category-general","category-musica","category-portada","category-telegram"],"post_mailing_queue_ids":[],"_links":{"self":[{"href":"https:\/\/agora.xtec.cat\/ceipalbirka\/wp-json\/wp\/v2\/posts\/9050","targetHints":{"allow":["GET"]}}],"collection":[{"href":"https:\/\/agora.xtec.cat\/ceipalbirka\/wp-json\/wp\/v2\/posts"}],"about":[{"href":"https:\/\/agora.xtec.cat\/ceipalbirka\/wp-json\/wp\/v2\/types\/post"}],"author":[{"embeddable":true,"href":"https:\/\/agora.xtec.cat\/ceipalbirka\/wp-json\/wp\/v2\/users\/4"}],"replies":[{"embeddable":true,"href":"https:\/\/agora.xtec.cat\/ceipalbirka\/wp-json\/wp\/v2\/comments?post=9050"}],"version-history":[{"count":3,"href":"https:\/\/agora.xtec.cat\/ceipalbirka\/wp-json\/wp\/v2\/posts\/9050\/revisions"}],"predecessor-version":[{"id":9056,"href":"https:\/\/agora.xtec.cat\/ceipalbirka\/wp-json\/wp\/v2\/posts\/9050\/revisions\/9056"}],"wp:featuredmedia":[{"embeddable":true,"href":"https:\/\/agora.xtec.cat\/ceipalbirka\/wp-json\/wp\/v2\/media\/9053"}],"wp:attachment":[{"href":"https:\/\/agora.xtec.cat\/ceipalbirka\/wp-json\/wp\/v2\/media?parent=9050"}],"wp:term":[{"taxonomy":"category","embeddable":true,"href":"https:\/\/agora.xtec.cat\/ceipalbirka\/wp-json\/wp\/v2\/categories?post=9050"},{"taxonomy":"post_tag","embeddable":true,"href":"https:\/\/agora.xtec.cat\/ceipalbirka\/wp-json\/wp\/v2\/tags?post=9050"}],"curies":[{"name":"wp","href":"https:\/\/api.w.org\/{rel}","templated":true}]}}