{"id":9042,"date":"2023-01-31T14:54:23","date_gmt":"2023-01-31T13:54:23","guid":{"rendered":"https:\/\/agora.xtec.cat\/ceipalbirka\/?p=9042"},"modified":"2023-01-31T14:54:23","modified_gmt":"2023-01-31T13:54:23","slug":"gala-de-bioeconomia-6e","status":"publish","type":"post","link":"https:\/\/agora.xtec.cat\/ceipalbirka\/general\/gala-de-bioeconomia-6e\/","title":{"rendered":"GALA DE BIOECONOMIA!! -6\u00e8-"},"content":{"rendered":"<p style=\"text-align: justify;\">El passat divendres 27 de gener, els alumnes de sis\u00e8 vam assistir al Teatre de la Llotja de Lleida gr\u00e0cies a la nostra participaci\u00f3 en un taller de Bioeconomia, en el que vam con\u00e8ixer i aprendre una forma de vida m\u00e9s sostenible per al nostre planeta. Degut a que vam presentar un v\u00eddeo molt maco al concurs, tots els alumnes vam poder gaudir d&#8217;un mat\u00ed s\u00faper xulo i ple d&#8217;activitats. I finalment vam recollir un premi que ens va fer molt\u00edssima il\u00b7lusi\u00f3!!!<\/p>\n<p style=\"text-align: justify;\">Feu &#8220;click&#8221; a la imatge per veure les fotografies!!<\/p>\n<p><a href=\"https:\/\/agora.xtec.cat\/ceipalbirka\/general\/gala-bioeconomia-6e\/\"><img loading=\"lazy\" decoding=\"async\" class=\"aligncenter  wp-image-9043\" src=\"https:\/\/agora.xtec.cat\/ceipalbirka\/wp-content\/uploads\/usu298\/2023\/01\/terra_01_b.jpg\" alt=\"\" width=\"138\" height=\"103\" srcset=\"https:\/\/agora.xtec.cat\/ceipalbirka\/wp-content\/uploads\/usu298\/2023\/01\/terra_01_b.jpg 400w, https:\/\/agora.xtec.cat\/ceipalbirka\/wp-content\/uploads\/usu298\/2023\/01\/terra_01_b-300x225.jpg 300w, https:\/\/agora.xtec.cat\/ceipalbirka\/wp-content\/uploads\/usu298\/2023\/01\/terra_01_b-200x150.jpg 200w\" sizes=\"auto, (max-width: 138px) 100vw, 138px\" \/><\/a><\/p>\n<p>I si fas &#8220;click&#8221; <a href=\"https:\/\/agora.xtec.cat\/ceipalbirka\/activitats-generals\/bioeconomia\/\">AQU\u00cd<\/a> podr\u00e0s tornar a veure el nostre v\u00eddeo.<\/p>\n","protected":false},"excerpt":{"rendered":"<p>El passat divendres 27 de gener, els alumnes de sis\u00e8 vam assistir al Teatre de la Llotja de Lleida gr\u00e0cies a la nostra participaci\u00f3 en un taller de Bioeconomia, en el que vam con\u00e8ixer i aprendre una forma de vida m\u00e9s sostenible per al nostre&hellip;  <a href=\"https:\/\/agora.xtec.cat\/ceipalbirka\/general\/gala-de-bioeconomia-6e\/\" title=\"Read GALA DE BIOECONOMIA!! -6\u00e8-\">Llegeix m\u00e9s\u00bb<\/a><\/p>\n","protected":false},"author":4,"featured_media":8883,"comment_status":"closed","ping_status":"closed","sticky":false,"template":"","format":"standard","meta":{"_bbp_topic_count":0,"_bbp_reply_count":0,"_bbp_total_topic_count":0,"_bbp_total_reply_count":0,"_bbp_voice_count":0,"_bbp_anonymous_reply_count":0,"_bbp_topic_count_hidden":0,"_bbp_reply_count_hidden":0,"_bbp_forum_subforum_count":0,"footnotes":""},"categories":[21,14,41,1,25,4,27,75],"tags":[],"class_list":["post-9042","post","type-post","status-publish","format-standard","has-post-thumbnail","hentry","category-activitats-generals","category-cicle-superior","category-primaria","category-general","category-informacions","category-portada","category-el-raco-verd","category-telegram"],"post_mailing_queue_ids":[],"_links":{"self":[{"href":"https:\/\/agora.xtec.cat\/ceipalbirka\/wp-json\/wp\/v2\/posts\/9042","targetHints":{"allow":["GET"]}}],"collection":[{"href":"https:\/\/agora.xtec.cat\/ceipalbirka\/wp-json\/wp\/v2\/posts"}],"about":[{"href":"https:\/\/agora.xtec.cat\/ceipalbirka\/wp-json\/wp\/v2\/types\/post"}],"author":[{"embeddable":true,"href":"https:\/\/agora.xtec.cat\/ceipalbirka\/wp-json\/wp\/v2\/users\/4"}],"replies":[{"embeddable":true,"href":"https:\/\/agora.xtec.cat\/ceipalbirka\/wp-json\/wp\/v2\/comments?post=9042"}],"version-history":[{"count":2,"href":"https:\/\/agora.xtec.cat\/ceipalbirka\/wp-json\/wp\/v2\/posts\/9042\/revisions"}],"predecessor-version":[{"id":9045,"href":"https:\/\/agora.xtec.cat\/ceipalbirka\/wp-json\/wp\/v2\/posts\/9042\/revisions\/9045"}],"wp:featuredmedia":[{"embeddable":true,"href":"https:\/\/agora.xtec.cat\/ceipalbirka\/wp-json\/wp\/v2\/media\/8883"}],"wp:attachment":[{"href":"https:\/\/agora.xtec.cat\/ceipalbirka\/wp-json\/wp\/v2\/media?parent=9042"}],"wp:term":[{"taxonomy":"category","embeddable":true,"href":"https:\/\/agora.xtec.cat\/ceipalbirka\/wp-json\/wp\/v2\/categories?post=9042"},{"taxonomy":"post_tag","embeddable":true,"href":"https:\/\/agora.xtec.cat\/ceipalbirka\/wp-json\/wp\/v2\/tags?post=9042"}],"curies":[{"name":"wp","href":"https:\/\/api.w.org\/{rel}","templated":true}]}}