{"id":8995,"date":"2022-12-21T12:39:42","date_gmt":"2022-12-21T11:39:42","guid":{"rendered":"https:\/\/agora.xtec.cat\/ceipalbirka\/?p=8995"},"modified":"2022-12-21T13:13:54","modified_gmt":"2022-12-21T12:13:54","slug":"hem-celebrat-el-nadal-a-lescola-albirka","status":"publish","type":"post","link":"https:\/\/agora.xtec.cat\/ceipalbirka\/general\/hem-celebrat-el-nadal-a-lescola-albirka\/","title":{"rendered":"HEM CELEBRAT EL NADAL A L&#8217;ESCOLA ALBIRKA!!!"},"content":{"rendered":"<p style=\"text-align: justify;\"><b>Tots els alumnes de l&#8217;escola Albirka, els dos \u00faltims dies d&#8217;escola, hem celebrat les festes de Nadal realitzant activitats molt maques, com visitar la Resid\u00e8ncia fent un recital de poemes i can\u00e7ons, tamb\u00e9 hem cagat el ti\u00f3 i avui dimecres 21 de desembre hem rebut la visita de l&#8217;Al\u00ed Patx\u00e0!!! Ha estat fant\u00e0stic!! Bon Nadal a tothom fam\u00edlies!!!<\/b><\/p>\n<p>Feu CLICK a l&#8217;arbre de Nadal per veure totes les fotografies de l&#8217;activitat!!<\/p>\n<p><a href=\"https:\/\/agora.xtec.cat\/ceipalbirka\/general\/activitats-nadal-escola-albirka\/\"><img loading=\"lazy\" decoding=\"async\" class=\"aligncenter wp-image-8996\" src=\"https:\/\/agora.xtec.cat\/ceipalbirka\/wp-content\/uploads\/usu298\/2022\/12\/arbres-de-nadal-fets-amb-tubs-de-cartro05.jpg\" alt=\"\" width=\"210\" height=\"154\" srcset=\"https:\/\/agora.xtec.cat\/ceipalbirka\/wp-content\/uploads\/usu298\/2022\/12\/arbres-de-nadal-fets-amb-tubs-de-cartro05.jpg 750w, https:\/\/agora.xtec.cat\/ceipalbirka\/wp-content\/uploads\/usu298\/2022\/12\/arbres-de-nadal-fets-amb-tubs-de-cartro05-300x220.jpg 300w\" sizes=\"auto, (max-width: 210px) 100vw, 210px\" \/><\/a><\/p>\n","protected":false},"excerpt":{"rendered":"<p>Tots els alumnes de l&#8217;escola Albirka, els dos \u00faltims dies d&#8217;escola, hem celebrat les festes de Nadal realitzant activitats molt maques, com visitar la Resid\u00e8ncia fent un recital de poemes i can\u00e7ons, tamb\u00e9 hem cagat el ti\u00f3 i avui dimecres 21 de desembre hem rebut&hellip;  <a href=\"https:\/\/agora.xtec.cat\/ceipalbirka\/general\/hem-celebrat-el-nadal-a-lescola-albirka\/\" title=\"Read HEM CELEBRAT EL NADAL A L&#8217;ESCOLA ALBIRKA!!!\">Llegeix m\u00e9s\u00bb<\/a><\/p>\n","protected":false},"author":4,"featured_media":8997,"comment_status":"closed","ping_status":"closed","sticky":false,"template":"","format":"standard","meta":{"_bbp_topic_count":0,"_bbp_reply_count":0,"_bbp_total_topic_count":0,"_bbp_total_reply_count":0,"_bbp_voice_count":0,"_bbp_anonymous_reply_count":0,"_bbp_topic_count_hidden":0,"_bbp_reply_count_hidden":0,"_bbp_forum_subforum_count":0,"footnotes":""},"categories":[21,7,10,12,14,40,41,1,4,75],"tags":[],"class_list":["post-8995","post","type-post","status-publish","format-standard","has-post-thumbnail","hentry","category-activitats-generals","category-ampa","category-cicle-inicial","category-cicle-mitja","category-cicle-superior","category-infantil","category-primaria","category-general","category-portada","category-telegram"],"post_mailing_queue_ids":[],"_links":{"self":[{"href":"https:\/\/agora.xtec.cat\/ceipalbirka\/wp-json\/wp\/v2\/posts\/8995","targetHints":{"allow":["GET"]}}],"collection":[{"href":"https:\/\/agora.xtec.cat\/ceipalbirka\/wp-json\/wp\/v2\/posts"}],"about":[{"href":"https:\/\/agora.xtec.cat\/ceipalbirka\/wp-json\/wp\/v2\/types\/post"}],"author":[{"embeddable":true,"href":"https:\/\/agora.xtec.cat\/ceipalbirka\/wp-json\/wp\/v2\/users\/4"}],"replies":[{"embeddable":true,"href":"https:\/\/agora.xtec.cat\/ceipalbirka\/wp-json\/wp\/v2\/comments?post=8995"}],"version-history":[{"count":2,"href":"https:\/\/agora.xtec.cat\/ceipalbirka\/wp-json\/wp\/v2\/posts\/8995\/revisions"}],"predecessor-version":[{"id":8999,"href":"https:\/\/agora.xtec.cat\/ceipalbirka\/wp-json\/wp\/v2\/posts\/8995\/revisions\/8999"}],"wp:featuredmedia":[{"embeddable":true,"href":"https:\/\/agora.xtec.cat\/ceipalbirka\/wp-json\/wp\/v2\/media\/8997"}],"wp:attachment":[{"href":"https:\/\/agora.xtec.cat\/ceipalbirka\/wp-json\/wp\/v2\/media?parent=8995"}],"wp:term":[{"taxonomy":"category","embeddable":true,"href":"https:\/\/agora.xtec.cat\/ceipalbirka\/wp-json\/wp\/v2\/categories?post=8995"},{"taxonomy":"post_tag","embeddable":true,"href":"https:\/\/agora.xtec.cat\/ceipalbirka\/wp-json\/wp\/v2\/tags?post=8995"}],"curies":[{"name":"wp","href":"https:\/\/api.w.org\/{rel}","templated":true}]}}