{"id":8929,"date":"2022-12-07T12:23:19","date_gmt":"2022-12-07T11:23:19","guid":{"rendered":"https:\/\/agora.xtec.cat\/ceipalbirka\/?p=8929"},"modified":"2022-12-07T12:23:19","modified_gmt":"2022-12-07T11:23:19","slug":"sortida-a-mollerussa-cm","status":"publish","type":"post","link":"https:\/\/agora.xtec.cat\/ceipalbirka\/general\/sortida-a-mollerussa-cm\/","title":{"rendered":"SORTIDA A MOLLERUSSA!! -CM-"},"content":{"rendered":"<p style=\"text-align: justify;\">El dia 2 de desembre, els nens i nenes de cicle mitj\u00e0 vam anar a Mollerussa a visitar <strong>l\u2019Espai Cultural dels Canals d\u2019Urgell<\/strong> on ens van explicar com s\u2019ha transformat el territori gr\u00e0cies a la construcci\u00f3 dels canals.<\/p>\n<p style=\"text-align: justify;\">Tamb\u00e9 vam gaudir de la m\u00e0gia d\u2019Oscar de la Torre que ens va fer un espectacle molt divertit i ens va demostrar que l\u2019aigua tamb\u00e9 \u00e9s m\u00e0gica.<\/p>\n<p>Cliqueu <a href=\"https:\/\/agora.xtec.cat\/ceipalbirka\/general\/sortida-mollerussa-cm\/\">AQU\u00cd<\/a> per veure les fotografies!!<\/p>\n","protected":false},"excerpt":{"rendered":"<p>El dia 2 de desembre, els nens i nenes de cicle mitj\u00e0 vam anar a Mollerussa a visitar l\u2019Espai Cultural dels Canals d\u2019Urgell on ens van explicar com s\u2019ha transformat el territori gr\u00e0cies a la construcci\u00f3 dels canals.<br \/>\nTamb\u00e9 vam gaudir de la m\u00e0gia d\u2019Oscar de&hellip;  <a href=\"https:\/\/agora.xtec.cat\/ceipalbirka\/general\/sortida-a-mollerussa-cm\/\" title=\"Read SORTIDA A MOLLERUSSA!! -CM-\">Llegeix m\u00e9s\u00bb<\/a><\/p>\n","protected":false},"author":4,"featured_media":8931,"comment_status":"closed","ping_status":"closed","sticky":false,"template":"","format":"standard","meta":{"_bbp_topic_count":0,"_bbp_reply_count":0,"_bbp_total_topic_count":0,"_bbp_total_reply_count":0,"_bbp_voice_count":0,"_bbp_anonymous_reply_count":0,"_bbp_topic_count_hidden":0,"_bbp_reply_count_hidden":0,"_bbp_forum_subforum_count":0,"footnotes":""},"categories":[21,12,41,1,4,75],"tags":[],"class_list":["post-8929","post","type-post","status-publish","format-standard","has-post-thumbnail","hentry","category-activitats-generals","category-cicle-mitja","category-primaria","category-general","category-portada","category-telegram"],"post_mailing_queue_ids":[],"_links":{"self":[{"href":"https:\/\/agora.xtec.cat\/ceipalbirka\/wp-json\/wp\/v2\/posts\/8929","targetHints":{"allow":["GET"]}}],"collection":[{"href":"https:\/\/agora.xtec.cat\/ceipalbirka\/wp-json\/wp\/v2\/posts"}],"about":[{"href":"https:\/\/agora.xtec.cat\/ceipalbirka\/wp-json\/wp\/v2\/types\/post"}],"author":[{"embeddable":true,"href":"https:\/\/agora.xtec.cat\/ceipalbirka\/wp-json\/wp\/v2\/users\/4"}],"replies":[{"embeddable":true,"href":"https:\/\/agora.xtec.cat\/ceipalbirka\/wp-json\/wp\/v2\/comments?post=8929"}],"version-history":[{"count":1,"href":"https:\/\/agora.xtec.cat\/ceipalbirka\/wp-json\/wp\/v2\/posts\/8929\/revisions"}],"predecessor-version":[{"id":8930,"href":"https:\/\/agora.xtec.cat\/ceipalbirka\/wp-json\/wp\/v2\/posts\/8929\/revisions\/8930"}],"wp:featuredmedia":[{"embeddable":true,"href":"https:\/\/agora.xtec.cat\/ceipalbirka\/wp-json\/wp\/v2\/media\/8931"}],"wp:attachment":[{"href":"https:\/\/agora.xtec.cat\/ceipalbirka\/wp-json\/wp\/v2\/media?parent=8929"}],"wp:term":[{"taxonomy":"category","embeddable":true,"href":"https:\/\/agora.xtec.cat\/ceipalbirka\/wp-json\/wp\/v2\/categories?post=8929"},{"taxonomy":"post_tag","embeddable":true,"href":"https:\/\/agora.xtec.cat\/ceipalbirka\/wp-json\/wp\/v2\/tags?post=8929"}],"curies":[{"name":"wp","href":"https:\/\/api.w.org\/{rel}","templated":true}]}}