{"id":8899,"date":"2022-11-30T13:38:54","date_gmt":"2022-11-30T12:38:54","guid":{"rendered":"https:\/\/agora.xtec.cat\/ceipalbirka\/?p=8899"},"modified":"2022-11-30T13:38:54","modified_gmt":"2022-11-30T12:38:54","slug":"posem-les-olives-en-conserva-ei","status":"publish","type":"post","link":"https:\/\/agora.xtec.cat\/ceipalbirka\/general\/posem-les-olives-en-conserva-ei\/","title":{"rendered":"POSEM LES OLIVES EN CONSERVA -EI-"},"content":{"rendered":"<p style=\"text-align: justify;\">A EDUCACI\u00d3 INFANTIL PREPAREM LES OLIVES QUE VAM COLLIR PER MENJAR-LES D\u2019AQU\u00cd UNES SETMANES. HI POSEM ELS SEG\u00dcENTS INGREDIENTS: AIGUA AMB SAL, ALL, TIM\u00d3, LLORER I OLI.<\/p>\n<p style=\"text-align: justify;\">AQUEST ANY, HO HEM FET AMB UN POT DE VIDRE INDIVIDUAL PER PODER-NOS ENDUR CAP A CASA.<\/p>\n<p>CLIQUEU <a href=\"https:\/\/agora.xtec.cat\/ceipalbirka\/general\/olives-en-conserva-ei\/\"><strong>AQU\u00cd<\/strong><\/a> PER VEURE TOTES LES FOTOGRAFIES!!!<\/p>\n","protected":false},"excerpt":{"rendered":"<p>A EDUCACI\u00d3 INFANTIL PREPAREM LES OLIVES QUE VAM COLLIR PER MENJAR-LES D\u2019AQU\u00cd UNES SETMANES. HI POSEM ELS SEG\u00dcENTS INGREDIENTS: AIGUA AMB SAL, ALL, TIM\u00d3, LLORER I OLI.<br \/>\nAQUEST ANY, HO HEM FET AMB UN POT DE VIDRE INDIVIDUAL PER PODER-NOS ENDUR CAP A CASA.<br \/>\nCLIQUEU <a href=\"https:\/\/agora.xtec.cat\/ceipalbirka\/general\/olives-en-conserva-ei\/\">AQU\u00cd<\/a>&hellip;  <a href=\"https:\/\/agora.xtec.cat\/ceipalbirka\/general\/posem-les-olives-en-conserva-ei\/\" title=\"Read POSEM LES OLIVES EN CONSERVA -EI-\">Llegeix m\u00e9s\u00bb<\/a><\/p>\n","protected":false},"author":4,"featured_media":8900,"comment_status":"closed","ping_status":"closed","sticky":false,"template":"","format":"standard","meta":{"_bbp_topic_count":0,"_bbp_reply_count":0,"_bbp_total_topic_count":0,"_bbp_total_reply_count":0,"_bbp_voice_count":0,"_bbp_anonymous_reply_count":0,"_bbp_topic_count_hidden":0,"_bbp_reply_count_hidden":0,"_bbp_forum_subforum_count":0,"footnotes":""},"categories":[21,40,1,4,75],"tags":[],"class_list":["post-8899","post","type-post","status-publish","format-standard","has-post-thumbnail","hentry","category-activitats-generals","category-infantil","category-general","category-portada","category-telegram"],"post_mailing_queue_ids":[],"_links":{"self":[{"href":"https:\/\/agora.xtec.cat\/ceipalbirka\/wp-json\/wp\/v2\/posts\/8899","targetHints":{"allow":["GET"]}}],"collection":[{"href":"https:\/\/agora.xtec.cat\/ceipalbirka\/wp-json\/wp\/v2\/posts"}],"about":[{"href":"https:\/\/agora.xtec.cat\/ceipalbirka\/wp-json\/wp\/v2\/types\/post"}],"author":[{"embeddable":true,"href":"https:\/\/agora.xtec.cat\/ceipalbirka\/wp-json\/wp\/v2\/users\/4"}],"replies":[{"embeddable":true,"href":"https:\/\/agora.xtec.cat\/ceipalbirka\/wp-json\/wp\/v2\/comments?post=8899"}],"version-history":[{"count":2,"href":"https:\/\/agora.xtec.cat\/ceipalbirka\/wp-json\/wp\/v2\/posts\/8899\/revisions"}],"predecessor-version":[{"id":8902,"href":"https:\/\/agora.xtec.cat\/ceipalbirka\/wp-json\/wp\/v2\/posts\/8899\/revisions\/8902"}],"wp:featuredmedia":[{"embeddable":true,"href":"https:\/\/agora.xtec.cat\/ceipalbirka\/wp-json\/wp\/v2\/media\/8900"}],"wp:attachment":[{"href":"https:\/\/agora.xtec.cat\/ceipalbirka\/wp-json\/wp\/v2\/media?parent=8899"}],"wp:term":[{"taxonomy":"category","embeddable":true,"href":"https:\/\/agora.xtec.cat\/ceipalbirka\/wp-json\/wp\/v2\/categories?post=8899"},{"taxonomy":"post_tag","embeddable":true,"href":"https:\/\/agora.xtec.cat\/ceipalbirka\/wp-json\/wp\/v2\/tags?post=8899"}],"curies":[{"name":"wp","href":"https:\/\/api.w.org\/{rel}","templated":true}]}}