{"id":8778,"date":"2022-11-02T11:56:17","date_gmt":"2022-11-02T10:56:17","guid":{"rendered":"https:\/\/agora.xtec.cat\/ceipalbirka\/?p=8778"},"modified":"2024-09-19T13:49:18","modified_gmt":"2024-09-19T11:49:18","slug":"els-alumnes-de-cicle-superior-visitem-tarragona","status":"publish","type":"post","link":"https:\/\/agora.xtec.cat\/ceipalbirka\/general\/els-alumnes-de-cicle-superior-visitem-tarragona\/","title":{"rendered":"ELS ALUMNES DE CICLE SUPERIOR VISITEM TARRAGONA!!"},"content":{"rendered":"<p style=\"font-weight: 400; text-align: center;\"><strong><u>ELS ALUMNES DE CICLE SUPERIOR HEM ANAT A TARRAGONA!!!<\/u><\/strong><\/p>\n<p style=\"font-weight: 400; text-align: justify;\">El dia 11 d\u2019octubre els nens i nenes de 5\u00e8 i 6\u00e8 vam fer una sortida a Tarragona. Aprofitant que estem estudiant a classe de Medi, l\u2019Edat Antiga.<\/p>\n<p style=\"font-weight: 400; text-align: justify;\">A dos quarts de nou hav\u00edem d&#8217;estar tots davant del p\u00e0del d\u2019Arbeca per pujar a l\u2019autocar. Durant el trajecte vam estar cantant tota l\u2019estona, i el viatge se\u2019ns va fer molt curt.<\/p>\n<p style=\"font-weight: 400; text-align: justify;\">La nostra primera parada va ser per a esmorzar. Vam trobar un lloc s\u00faper maco sota una Pineda que hi havia enmig d\u2019un bosc a les afores de Tarragona i a mig cam\u00ed de l\u2019Aq\u00fceducte. Quan vam acabar d\u2019esmorzar vam anar a veure la Pedrera, el lloc d\u2019on treien la pedra els romans per a fer l\u2019Aq\u00fceducte Rom\u00e0. Sembla estrany que poguessin arrossegar pedres tan grans per unes zones tan complicades.<\/p>\n<p style=\"font-weight: 400; text-align: justify;\">I ja per fi, vam anar a veure l\u2019Aq\u00fceducte, una construcci\u00f3 feta pels romans perqu\u00e8 pass\u00e9s l\u2019aigua d\u2019un poble a l&#8217;altre. Constru\u00eft al segle I. a. C. per August.<\/p>\n<p style=\"font-weight: 400; text-align: justify;\">En acabar la visita, la qual va ser molt interessant i entretinguda, vam tornar a pujar a l\u2019autocar i vam anar a veure una \u201cMaqueta de Tarraco\u201d, que estava a l\u2019Ajuntament, que est\u00e0 situada dins de la muralla de la ciutat. En aquesta maqueta es podien veure tots els detalls de l\u2019antiga ciutat. Tot seguit vam anar a veure la Muralla i la Torre de vigil\u00e0ncia.<\/p>\n<p style=\"font-weight: 400; text-align: justify;\">I el millor estava per arribar, vam anar a veure el circ, el lloc on feien curses de cavalls. No eren curses netes, tothom feia trampes!!! I per acabar l\u2019\u00faltima visita abans de dinar, vam anar a veure l\u2019Amfiteatre, el lloc on feien lluites de gladiadors. Vam poder entrar-hi i sentir-nos com fa milers d\u2019anys.<\/p>\n<p style=\"font-weight: 400; text-align: justify;\">Una vegada vam acabar la visita de Tarraco vam anar a dinar als Jardins de l&#8217;Amfiteatre. Vam jugar una estona i vam anar al Port Mar\u00edtim a fer una passejada amb barca pel Balc\u00f3 del Mediterrani. Em va agradar molt, va ser la primera vegada que pujo amb barca!! Quan vam baixar de la barca vam anar a l\u2019Observatori Blau. All\u00e0 ens van ensenyar les 30 esp\u00e8cies m\u00e9s pescades del Mediterrani, i com que estava just al costat, vam poder veure el funcionament de la Llotja de Tarragona en directe.<\/p>\n<p style=\"font-weight: 400; text-align: justify;\">Va ser un dia intens i el viatge de tornada va ser amb menys can\u00e7ons i m\u00e9s ulls tancats!! Per\u00f2 ens ho vam passar s\u00faper b\u00e9 i vam aprendre moltes coses sobre Tarraco!<\/p>\n<p style=\"font-weight: 400; text-align: right;\">Manuela Santiago Macho<\/p>\n<p>Cliqueu a la imatge per veure les fotografies!!!<\/p>\n<p><a href=\"https:\/\/agora.xtec.cat\/ceipalbirka\/general\/fotografies-de-la-sortida-a-tarragona-de-cicle-superior\/\"><img loading=\"lazy\" decoding=\"async\" class=\"aligncenter wp-image-8783\" src=\"https:\/\/agora.xtec.cat\/ceipalbirka\/wp-content\/uploads\/usu298\/2022\/10\/Amphitheatre_de_Tarragona-1024x768.jpg\" alt=\"\" width=\"245\" height=\"184\" srcset=\"https:\/\/agora.xtec.cat\/ceipalbirka\/wp-content\/uploads\/usu298\/2022\/10\/Amphitheatre_de_Tarragona-1024x768.jpg 1024w, https:\/\/agora.xtec.cat\/ceipalbirka\/wp-content\/uploads\/usu298\/2022\/10\/Amphitheatre_de_Tarragona-300x225.jpg 300w, https:\/\/agora.xtec.cat\/ceipalbirka\/wp-content\/uploads\/usu298\/2022\/10\/Amphitheatre_de_Tarragona-768x576.jpg 768w, https:\/\/agora.xtec.cat\/ceipalbirka\/wp-content\/uploads\/usu298\/2022\/10\/Amphitheatre_de_Tarragona-1536x1152.jpg 1536w, https:\/\/agora.xtec.cat\/ceipalbirka\/wp-content\/uploads\/usu298\/2022\/10\/Amphitheatre_de_Tarragona-200x150.jpg 200w, https:\/\/agora.xtec.cat\/ceipalbirka\/wp-content\/uploads\/usu298\/2022\/10\/Amphitheatre_de_Tarragona.jpg 1600w\" sizes=\"auto, (max-width: 245px) 100vw, 245px\" \/><\/a><\/p>\n<p>&nbsp;<\/p>\n","protected":false},"excerpt":{"rendered":"<p>ELS ALUMNES DE CICLE SUPERIOR HEM ANAT A TARRAGONA!!!<br \/>\nEl dia 11 d\u2019octubre els nens i nenes de 5\u00e8 i 6\u00e8 vam fer una sortida a Tarragona. Aprofitant que estem estudiant a classe de Medi, l\u2019Edat Antiga.<br \/>\nA dos quarts de nou hav\u00edem d&#8217;estar tots davant del&hellip;  <a href=\"https:\/\/agora.xtec.cat\/ceipalbirka\/general\/els-alumnes-de-cicle-superior-visitem-tarragona\/\" title=\"Read ELS ALUMNES DE CICLE SUPERIOR VISITEM TARRAGONA!!\">Llegeix m\u00e9s\u00bb<\/a><\/p>\n","protected":false},"author":4,"featured_media":0,"comment_status":"closed","ping_status":"closed","sticky":false,"template":"","format":"standard","meta":{"_bbp_topic_count":0,"_bbp_reply_count":0,"_bbp_total_topic_count":0,"_bbp_total_reply_count":0,"_bbp_voice_count":0,"_bbp_anonymous_reply_count":0,"_bbp_topic_count_hidden":0,"_bbp_reply_count_hidden":0,"_bbp_forum_subforum_count":0,"footnotes":""},"categories":[21,14,41,1,4,75],"tags":[],"class_list":["post-8778","post","type-post","status-publish","format-standard","hentry","category-activitats-generals","category-cicle-superior","category-primaria","category-general","category-portada","category-telegram"],"post_mailing_queue_ids":[],"_links":{"self":[{"href":"https:\/\/agora.xtec.cat\/ceipalbirka\/wp-json\/wp\/v2\/posts\/8778","targetHints":{"allow":["GET"]}}],"collection":[{"href":"https:\/\/agora.xtec.cat\/ceipalbirka\/wp-json\/wp\/v2\/posts"}],"about":[{"href":"https:\/\/agora.xtec.cat\/ceipalbirka\/wp-json\/wp\/v2\/types\/post"}],"author":[{"embeddable":true,"href":"https:\/\/agora.xtec.cat\/ceipalbirka\/wp-json\/wp\/v2\/users\/4"}],"replies":[{"embeddable":true,"href":"https:\/\/agora.xtec.cat\/ceipalbirka\/wp-json\/wp\/v2\/comments?post=8778"}],"version-history":[{"count":3,"href":"https:\/\/agora.xtec.cat\/ceipalbirka\/wp-json\/wp\/v2\/posts\/8778\/revisions"}],"predecessor-version":[{"id":8785,"href":"https:\/\/agora.xtec.cat\/ceipalbirka\/wp-json\/wp\/v2\/posts\/8778\/revisions\/8785"}],"wp:attachment":[{"href":"https:\/\/agora.xtec.cat\/ceipalbirka\/wp-json\/wp\/v2\/media?parent=8778"}],"wp:term":[{"taxonomy":"category","embeddable":true,"href":"https:\/\/agora.xtec.cat\/ceipalbirka\/wp-json\/wp\/v2\/categories?post=8778"},{"taxonomy":"post_tag","embeddable":true,"href":"https:\/\/agora.xtec.cat\/ceipalbirka\/wp-json\/wp\/v2\/tags?post=8778"}],"curies":[{"name":"wp","href":"https:\/\/api.w.org\/{rel}","templated":true}]}}