{"id":11671,"date":"2026-04-27T12:57:05","date_gmt":"2026-04-27T10:57:05","guid":{"rendered":"https:\/\/agora.xtec.cat\/ceipalbirka\/?p=11671"},"modified":"2026-04-27T12:57:05","modified_gmt":"2026-04-27T10:57:05","slug":"sant-jordi-escola","status":"publish","type":"post","link":"https:\/\/agora.xtec.cat\/ceipalbirka\/general\/sant-jordi-escola\/","title":{"rendered":"SANT JORDI (ESCOLA)"},"content":{"rendered":"<p class=\"isSelectedEnd\" style=\"text-align: justify;\"><strong>Sant Jordi omple l\u2019Escola Albirka de cultura i emoci\u00f3.<\/strong><\/p>\n<p class=\"isSelectedEnd\" style=\"text-align: justify;\">A l\u2019Escola Albirka hem viscut una diada de Sant Jordi plena de m\u00e0gia, tradici\u00f3 i creativitat. Durant tota la jornada, l\u2019escola s\u2019ha convertit en un espai viu on la literatura i algunes tradicions catalanes han estat les grans protagonistes.<\/p>\n<p class=\"isSelectedEnd\" style=\"text-align: justify;\">L\u2019alumnat ha participat en una gran varietat d\u2019activitats relacionades amb aquesta festivitat tan especial. Des de tallers creatius fins a espais de lectura compartida, cada rac\u00f3 de l\u2019escola respirava ambient de Sant Jordi.<\/p>\n<p class=\"isSelectedEnd\" style=\"text-align: justify;\">Un dels moments m\u00e9s destacats del dia ha estat la recitaci\u00f3 de poemes, on els nens i nenes han pogut expressar-se amb sensibilitat i emoci\u00f3 davant dels seus companys i companyes. Tamb\u00e9 hem gaudit d\u2019una bonica ballada de sardanes, que ha unit a grans i petits en una mostra de tradici\u00f3 i cohesi\u00f3.<\/p>\n<p class=\"isSelectedEnd\" style=\"text-align: justify;\">Ha estat una jornada que ha refor\u00e7at el gust per la lectura, la cultura i les tradicions catalanes, tot fomentant alhora la participaci\u00f3 i el respecte entre l\u2019alumnat.<\/p>\n<p style=\"text-align: justify;\">Sens dubte, un Sant Jordi per recordar!<\/p>\n<p>Cliqueu a la imatge per veure les fotografies i v\u00eddeos!!!<\/p>\n<p><a href=\"https:\/\/agora.xtec.cat\/ceipalbirka\/general\/fotografies-sant-jordi\/\"><img loading=\"lazy\" decoding=\"async\" class=\"aligncenter  wp-image-11672\" src=\"https:\/\/agora.xtec.cat\/ceipalbirka\/wp-content\/uploads\/usu298\/2026\/04\/Captura-de-pantalla-2026-04-27-125209.png\" alt=\"\" width=\"533\" height=\"292\" srcset=\"https:\/\/agora.xtec.cat\/ceipalbirka\/wp-content\/uploads\/usu298\/2026\/04\/Captura-de-pantalla-2026-04-27-125209.png 738w, https:\/\/agora.xtec.cat\/ceipalbirka\/wp-content\/uploads\/usu298\/2026\/04\/Captura-de-pantalla-2026-04-27-125209-300x164.png 300w\" sizes=\"auto, (max-width: 533px) 100vw, 533px\" \/><\/a><\/p>\n<p>&nbsp;<\/p>\n","protected":false},"excerpt":{"rendered":"<p>Sant Jordi omple l\u2019Escola Albirka de cultura i emoci\u00f3.<br \/>\nA l\u2019Escola Albirka hem viscut una diada de Sant Jordi plena de m\u00e0gia, tradici\u00f3 i creativitat. Durant tota la jornada, l\u2019escola s\u2019ha convertit en un espai viu on la literatura i algunes tradicions catalanes han estat les&hellip;  <a href=\"https:\/\/agora.xtec.cat\/ceipalbirka\/general\/sant-jordi-escola\/\" title=\"Read SANT JORDI (ESCOLA)\">Llegeix m\u00e9s\u00bb<\/a><\/p>\n","protected":false},"author":4,"featured_media":11672,"comment_status":"closed","ping_status":"open","sticky":false,"template":"","format":"standard","meta":{"_bbp_topic_count":0,"_bbp_reply_count":0,"_bbp_total_topic_count":0,"_bbp_total_reply_count":0,"_bbp_voice_count":0,"_bbp_anonymous_reply_count":0,"_bbp_topic_count_hidden":0,"_bbp_reply_count_hidden":0,"_bbp_forum_subforum_count":0,"footnotes":""},"categories":[21,7,10,12,14,40,41,1,4,26,75],"tags":[],"class_list":["post-11671","post","type-post","status-publish","format-standard","has-post-thumbnail","hentry","category-activitats-generals","category-ampa","category-cicle-inicial","category-cicle-mitja","category-cicle-superior","category-infantil","category-primaria","category-general","category-portada","category-raco-literari","category-telegram"],"post_mailing_queue_ids":[],"_links":{"self":[{"href":"https:\/\/agora.xtec.cat\/ceipalbirka\/wp-json\/wp\/v2\/posts\/11671","targetHints":{"allow":["GET"]}}],"collection":[{"href":"https:\/\/agora.xtec.cat\/ceipalbirka\/wp-json\/wp\/v2\/posts"}],"about":[{"href":"https:\/\/agora.xtec.cat\/ceipalbirka\/wp-json\/wp\/v2\/types\/post"}],"author":[{"embeddable":true,"href":"https:\/\/agora.xtec.cat\/ceipalbirka\/wp-json\/wp\/v2\/users\/4"}],"replies":[{"embeddable":true,"href":"https:\/\/agora.xtec.cat\/ceipalbirka\/wp-json\/wp\/v2\/comments?post=11671"}],"version-history":[{"count":1,"href":"https:\/\/agora.xtec.cat\/ceipalbirka\/wp-json\/wp\/v2\/posts\/11671\/revisions"}],"predecessor-version":[{"id":11673,"href":"https:\/\/agora.xtec.cat\/ceipalbirka\/wp-json\/wp\/v2\/posts\/11671\/revisions\/11673"}],"wp:featuredmedia":[{"embeddable":true,"href":"https:\/\/agora.xtec.cat\/ceipalbirka\/wp-json\/wp\/v2\/media\/11672"}],"wp:attachment":[{"href":"https:\/\/agora.xtec.cat\/ceipalbirka\/wp-json\/wp\/v2\/media?parent=11671"}],"wp:term":[{"taxonomy":"category","embeddable":true,"href":"https:\/\/agora.xtec.cat\/ceipalbirka\/wp-json\/wp\/v2\/categories?post=11671"},{"taxonomy":"post_tag","embeddable":true,"href":"https:\/\/agora.xtec.cat\/ceipalbirka\/wp-json\/wp\/v2\/tags?post=11671"}],"curies":[{"name":"wp","href":"https:\/\/api.w.org\/{rel}","templated":true}]}}