{"id":11667,"date":"2026-04-27T10:05:33","date_gmt":"2026-04-27T08:05:33","guid":{"rendered":"https:\/\/agora.xtec.cat\/ceipalbirka\/?p=11667"},"modified":"2026-04-27T10:05:33","modified_gmt":"2026-04-27T08:05:33","slug":"tv-albirka-11","status":"publish","type":"post","link":"https:\/\/agora.xtec.cat\/ceipalbirka\/general\/tv-albirka-11\/","title":{"rendered":"TV ALBIRKA 11"},"content":{"rendered":"<p style=\"text-align: justify;\" data-start=\"74\" data-end=\"272\">Hola fam\u00edlies, ja est\u00e0 editat l&#8217;onz\u00e8<strong>\u00a0programa de la TV Albirka!<\/strong><\/p>\n<p style=\"text-align: justify;\" data-start=\"274\" data-end=\"519\">En aquest programa, ens llegeixen les not\u00edcies l\u2019alumnat de Cicle Inicial.<\/p>\n<p style=\"text-align: justify;\" data-start=\"666\" data-end=\"775\">Us convidem a veure el programa per estar al dia de tot el que passa a l\u2019escola!<br data-start=\"709\" data-end=\"712\" \/>Benvinguts i benvingudes a un nou cap\u00edtol de la TV Albirka! \ud83c\udfa5\u2728<\/p>\n<p data-start=\"666\" data-end=\"775\">Cliqueu a la imatge per veure el v\u00eddeo!!<\/p>\n<p data-start=\"666\" data-end=\"775\"><a href=\"https:\/\/agora.xtec.cat\/ceipalbirka\/general\/video-tv-albirka-11\/\"><img loading=\"lazy\" decoding=\"async\" class=\"aligncenter size-full wp-image-10353\" src=\"https:\/\/agora.xtec.cat\/ceipalbirka\/wp-content\/uploads\/usu298\/2024\/10\/Captura-de-pantalla-2024-10-21-125205-1.png\" alt=\"\" width=\"512\" height=\"224\" srcset=\"https:\/\/agora.xtec.cat\/ceipalbirka\/wp-content\/uploads\/usu298\/2024\/10\/Captura-de-pantalla-2024-10-21-125205-1.png 512w, https:\/\/agora.xtec.cat\/ceipalbirka\/wp-content\/uploads\/usu298\/2024\/10\/Captura-de-pantalla-2024-10-21-125205-1-300x131.png 300w\" sizes=\"auto, (max-width: 512px) 100vw, 512px\" \/><\/a><\/p>\n<p data-start=\"666\" data-end=\"775\">\n","protected":false},"excerpt":{"rendered":"<p>Hola fam\u00edlies, ja est\u00e0 editat l&#8217;onz\u00e8\u00a0programa de la TV Albirka!<br \/>\nEn aquest programa, ens llegeixen les not\u00edcies l\u2019alumnat de Cicle Inicial.<br \/>\nUs convidem a veure el programa per estar al dia de tot el que passa a l\u2019escola!Benvinguts i benvingudes a un nou cap\u00edtol de la TV&hellip;  <a href=\"https:\/\/agora.xtec.cat\/ceipalbirka\/general\/tv-albirka-11\/\" title=\"Read TV ALBIRKA 11\">Llegeix m\u00e9s\u00bb<\/a><\/p>\n","protected":false},"author":4,"featured_media":10352,"comment_status":"closed","ping_status":"open","sticky":false,"template":"","format":"standard","meta":{"_bbp_topic_count":0,"_bbp_reply_count":0,"_bbp_total_topic_count":0,"_bbp_total_reply_count":0,"_bbp_voice_count":0,"_bbp_anonymous_reply_count":0,"_bbp_topic_count_hidden":0,"_bbp_reply_count_hidden":0,"_bbp_forum_subforum_count":0,"footnotes":""},"categories":[21,10,12,14,41,1,25,4,82,75],"tags":[],"class_list":["post-11667","post","type-post","status-publish","format-standard","has-post-thumbnail","hentry","category-activitats-generals","category-cicle-inicial","category-cicle-mitja","category-cicle-superior","category-primaria","category-general","category-informacions","category-portada","category-robotica-i-noves-tecnologies","category-telegram"],"post_mailing_queue_ids":[],"_links":{"self":[{"href":"https:\/\/agora.xtec.cat\/ceipalbirka\/wp-json\/wp\/v2\/posts\/11667","targetHints":{"allow":["GET"]}}],"collection":[{"href":"https:\/\/agora.xtec.cat\/ceipalbirka\/wp-json\/wp\/v2\/posts"}],"about":[{"href":"https:\/\/agora.xtec.cat\/ceipalbirka\/wp-json\/wp\/v2\/types\/post"}],"author":[{"embeddable":true,"href":"https:\/\/agora.xtec.cat\/ceipalbirka\/wp-json\/wp\/v2\/users\/4"}],"replies":[{"embeddable":true,"href":"https:\/\/agora.xtec.cat\/ceipalbirka\/wp-json\/wp\/v2\/comments?post=11667"}],"version-history":[{"count":1,"href":"https:\/\/agora.xtec.cat\/ceipalbirka\/wp-json\/wp\/v2\/posts\/11667\/revisions"}],"predecessor-version":[{"id":11668,"href":"https:\/\/agora.xtec.cat\/ceipalbirka\/wp-json\/wp\/v2\/posts\/11667\/revisions\/11668"}],"wp:featuredmedia":[{"embeddable":true,"href":"https:\/\/agora.xtec.cat\/ceipalbirka\/wp-json\/wp\/v2\/media\/10352"}],"wp:attachment":[{"href":"https:\/\/agora.xtec.cat\/ceipalbirka\/wp-json\/wp\/v2\/media?parent=11667"}],"wp:term":[{"taxonomy":"category","embeddable":true,"href":"https:\/\/agora.xtec.cat\/ceipalbirka\/wp-json\/wp\/v2\/categories?post=11667"},{"taxonomy":"post_tag","embeddable":true,"href":"https:\/\/agora.xtec.cat\/ceipalbirka\/wp-json\/wp\/v2\/tags?post=11667"}],"curies":[{"name":"wp","href":"https:\/\/api.w.org\/{rel}","templated":true}]}}