{"id":11646,"date":"2026-04-14T09:46:24","date_gmt":"2026-04-14T07:46:24","guid":{"rendered":"https:\/\/agora.xtec.cat\/ceipalbirka\/?p=11646"},"modified":"2026-04-14T09:46:24","modified_gmt":"2026-04-14T07:46:24","slug":"visitem-la-biblioteca-darbeca-1r","status":"publish","type":"post","link":"https:\/\/agora.xtec.cat\/ceipalbirka\/general\/visitem-la-biblioteca-darbeca-1r\/","title":{"rendered":"Visitem la biblioteca d\u2019Arbeca! 1r"},"content":{"rendered":"<p class=\"normal\" style=\"text-align: justify; margin: 12.0pt 0cm 12.0pt 0cm;\"><span lang=\"ca\">Els alumnes de primer vam fer una visita molt especial a la biblioteca del nostre poble. Durant aquesta sortida, vam tenir l\u2019oportunitat de con\u00e8ixer millor aquest espai ple d\u2019hist\u00f2ries i aventures.<\/span><\/p>\n<p class=\"normal\" style=\"text-align: justify; margin: 12.0pt 0cm 12.0pt 0cm;\"><span lang=\"ca\">La bibliotec\u00e0ria, la N\u00faria, ens va preparar un petit taller molt divertit. Ens va proposar un joc d\u2019endevinalles relacionades amb diversos contes que ella mateixa havia escollit per a nosaltres. Vam haver d\u2019estar molt atents, pensar i treballar en equip per descobrir les respostes!<\/span><\/p>\n<p class=\"normal\" style=\"text-align: justify; margin: 12.0pt 0cm 12.0pt 0cm;\"><span lang=\"ca\">Va ser una experi\u00e8ncia molt enriquidora i ens ho vam passar d\u2019all\u00f2 m\u00e9s b\u00e9. A m\u00e9s, ens va agradar molt anar a la biblioteca i descobrir tants llibres interessants.<\/span><\/p>\n<p class=\"normal\" style=\"text-align: justify; margin: 12.0pt 0cm 12.0pt 0cm;\"><span lang=\"ca\">Llegir ens obre la porta a mons nous: no deixeu mai d\u2019explorar-los!<\/span><\/p>\n<p><a href=\"https:\/\/agora.xtec.cat\/ceipalbirka\/general\/fotografies-visita-biblioteca-1r\/\">CLIQUEU AQU\u00cd PER VEURE LES FOTOGRAFIES!!!<\/a><\/p>\n","protected":false},"excerpt":{"rendered":"<p>Els alumnes de primer vam fer una visita molt especial a la biblioteca del nostre poble. Durant aquesta sortida, vam tenir l\u2019oportunitat de con\u00e8ixer millor aquest espai ple d\u2019hist\u00f2ries i aventures.<br \/>\nLa bibliotec\u00e0ria, la N\u00faria, ens va preparar un petit taller molt divertit. Ens va proposar&hellip;  <a href=\"https:\/\/agora.xtec.cat\/ceipalbirka\/general\/visitem-la-biblioteca-darbeca-1r\/\" title=\"Read Visitem la biblioteca d\u2019Arbeca! 1r\">Llegeix m\u00e9s\u00bb<\/a><\/p>\n","protected":false},"author":4,"featured_media":11647,"comment_status":"closed","ping_status":"open","sticky":false,"template":"","format":"standard","meta":{"_bbp_topic_count":0,"_bbp_reply_count":0,"_bbp_total_topic_count":0,"_bbp_total_reply_count":0,"_bbp_voice_count":0,"_bbp_anonymous_reply_count":0,"_bbp_topic_count_hidden":0,"_bbp_reply_count_hidden":0,"_bbp_forum_subforum_count":0,"footnotes":""},"categories":[21,10,41,1,4,26,75],"tags":[],"class_list":["post-11646","post","type-post","status-publish","format-standard","has-post-thumbnail","hentry","category-activitats-generals","category-cicle-inicial","category-primaria","category-general","category-portada","category-raco-literari","category-telegram"],"post_mailing_queue_ids":[],"_links":{"self":[{"href":"https:\/\/agora.xtec.cat\/ceipalbirka\/wp-json\/wp\/v2\/posts\/11646","targetHints":{"allow":["GET"]}}],"collection":[{"href":"https:\/\/agora.xtec.cat\/ceipalbirka\/wp-json\/wp\/v2\/posts"}],"about":[{"href":"https:\/\/agora.xtec.cat\/ceipalbirka\/wp-json\/wp\/v2\/types\/post"}],"author":[{"embeddable":true,"href":"https:\/\/agora.xtec.cat\/ceipalbirka\/wp-json\/wp\/v2\/users\/4"}],"replies":[{"embeddable":true,"href":"https:\/\/agora.xtec.cat\/ceipalbirka\/wp-json\/wp\/v2\/comments?post=11646"}],"version-history":[{"count":1,"href":"https:\/\/agora.xtec.cat\/ceipalbirka\/wp-json\/wp\/v2\/posts\/11646\/revisions"}],"predecessor-version":[{"id":11648,"href":"https:\/\/agora.xtec.cat\/ceipalbirka\/wp-json\/wp\/v2\/posts\/11646\/revisions\/11648"}],"wp:featuredmedia":[{"embeddable":true,"href":"https:\/\/agora.xtec.cat\/ceipalbirka\/wp-json\/wp\/v2\/media\/11647"}],"wp:attachment":[{"href":"https:\/\/agora.xtec.cat\/ceipalbirka\/wp-json\/wp\/v2\/media?parent=11646"}],"wp:term":[{"taxonomy":"category","embeddable":true,"href":"https:\/\/agora.xtec.cat\/ceipalbirka\/wp-json\/wp\/v2\/categories?post=11646"},{"taxonomy":"post_tag","embeddable":true,"href":"https:\/\/agora.xtec.cat\/ceipalbirka\/wp-json\/wp\/v2\/tags?post=11646"}],"curies":[{"name":"wp","href":"https:\/\/api.w.org\/{rel}","templated":true}]}}