{"id":11641,"date":"2026-04-13T09:31:16","date_gmt":"2026-04-13T07:31:16","guid":{"rendered":"https:\/\/agora.xtec.cat\/ceipalbirka\/?p=11641"},"modified":"2026-04-13T09:31:16","modified_gmt":"2026-04-13T07:31:16","slug":"excursio-ci-i-3r-a-borges-blanques","status":"publish","type":"post","link":"https:\/\/agora.xtec.cat\/ceipalbirka\/general\/excursio-ci-i-3r-a-borges-blanques\/","title":{"rendered":"Excursi\u00f3 CI i 3r a Borges Blanques"},"content":{"rendered":"<p style=\"text-align: justify;\">El passat dilluns dia 16 de mar\u00e7 de 2026 l\u2019alumnat de Cicle Inicial i de 3r ens vam despla\u00e7ar a la capital comarcal.<\/p>\n<p style=\"text-align: justify;\">Vam sortir puntualment a les 8:30 del mat\u00ed.<\/p>\n<p style=\"text-align: justify;\">A Borges vam fer 2 activitats: la primera va ser una pr\u00e0ctica de percussi\u00f3 en batucada. El monitor ens anava marcant els ritmes i nosaltres el segu\u00edem.<\/p>\n<p style=\"text-align: justify;\">La segona activitat va ser l\u2019obra de teatre en angl\u00e8s \u201cWanda the Witch\u201d. La vam gaudir molt ja qu\u00e8 l\u2019hav\u00edem treballat pr\u00e8viament a l\u2019escola.<\/p>\n<p style=\"text-align: justify;\">A l\u2019hora de dinar ja \u00e9rem a Arbeca. Va ser un mat\u00ed genial!!!<\/p>\n<p style=\"text-align: justify;\">Cliqueu a la imatge per veure totes les fotografies!!!<\/p>\n<p><a href=\"https:\/\/agora.xtec.cat\/ceipalbirka\/general\/fotografies-teatre-i-batucada-ci-i-3r\/\"><img loading=\"lazy\" decoding=\"async\" class=\"aligncenter  wp-image-11642\" src=\"https:\/\/agora.xtec.cat\/ceipalbirka\/wp-content\/uploads\/usu298\/2026\/04\/Captura-de-pantalla-2026-04-13-092954.png\" alt=\"\" width=\"470\" height=\"273\" srcset=\"https:\/\/agora.xtec.cat\/ceipalbirka\/wp-content\/uploads\/usu298\/2026\/04\/Captura-de-pantalla-2026-04-13-092954.png 679w, https:\/\/agora.xtec.cat\/ceipalbirka\/wp-content\/uploads\/usu298\/2026\/04\/Captura-de-pantalla-2026-04-13-092954-300x174.png 300w\" sizes=\"auto, (max-width: 470px) 100vw, 470px\" \/><\/a><\/p>\n","protected":false},"excerpt":{"rendered":"<p>El passat dilluns dia 16 de mar\u00e7 de 2026 l\u2019alumnat de Cicle Inicial i de 3r ens vam despla\u00e7ar a la capital comarcal.<br \/>\nVam sortir puntualment a les 8:30 del mat\u00ed.<br \/>\nA Borges vam fer 2 activitats: la primera va ser una pr\u00e0ctica de percussi\u00f3 en batucada.&hellip;  <a href=\"https:\/\/agora.xtec.cat\/ceipalbirka\/general\/excursio-ci-i-3r-a-borges-blanques\/\" title=\"Read Excursi\u00f3 CI i 3r a Borges Blanques\">Llegeix m\u00e9s\u00bb<\/a><\/p>\n","protected":false},"author":4,"featured_media":11642,"comment_status":"closed","ping_status":"open","sticky":false,"template":"","format":"standard","meta":{"_bbp_topic_count":0,"_bbp_reply_count":0,"_bbp_total_topic_count":0,"_bbp_total_reply_count":0,"_bbp_voice_count":0,"_bbp_anonymous_reply_count":0,"_bbp_topic_count_hidden":0,"_bbp_reply_count_hidden":0,"_bbp_forum_subforum_count":0,"footnotes":""},"categories":[21,36,10,12,41,1,4,75],"tags":[],"class_list":["post-11641","post","type-post","status-publish","format-standard","has-post-thumbnail","hentry","category-activitats-generals","category-angles","category-cicle-inicial","category-cicle-mitja","category-primaria","category-general","category-portada","category-telegram"],"post_mailing_queue_ids":[],"_links":{"self":[{"href":"https:\/\/agora.xtec.cat\/ceipalbirka\/wp-json\/wp\/v2\/posts\/11641","targetHints":{"allow":["GET"]}}],"collection":[{"href":"https:\/\/agora.xtec.cat\/ceipalbirka\/wp-json\/wp\/v2\/posts"}],"about":[{"href":"https:\/\/agora.xtec.cat\/ceipalbirka\/wp-json\/wp\/v2\/types\/post"}],"author":[{"embeddable":true,"href":"https:\/\/agora.xtec.cat\/ceipalbirka\/wp-json\/wp\/v2\/users\/4"}],"replies":[{"embeddable":true,"href":"https:\/\/agora.xtec.cat\/ceipalbirka\/wp-json\/wp\/v2\/comments?post=11641"}],"version-history":[{"count":1,"href":"https:\/\/agora.xtec.cat\/ceipalbirka\/wp-json\/wp\/v2\/posts\/11641\/revisions"}],"predecessor-version":[{"id":11643,"href":"https:\/\/agora.xtec.cat\/ceipalbirka\/wp-json\/wp\/v2\/posts\/11641\/revisions\/11643"}],"wp:featuredmedia":[{"embeddable":true,"href":"https:\/\/agora.xtec.cat\/ceipalbirka\/wp-json\/wp\/v2\/media\/11642"}],"wp:attachment":[{"href":"https:\/\/agora.xtec.cat\/ceipalbirka\/wp-json\/wp\/v2\/media?parent=11641"}],"wp:term":[{"taxonomy":"category","embeddable":true,"href":"https:\/\/agora.xtec.cat\/ceipalbirka\/wp-json\/wp\/v2\/categories?post=11641"},{"taxonomy":"post_tag","embeddable":true,"href":"https:\/\/agora.xtec.cat\/ceipalbirka\/wp-json\/wp\/v2\/tags?post=11641"}],"curies":[{"name":"wp","href":"https:\/\/api.w.org\/{rel}","templated":true}]}}