{"id":11495,"date":"2026-03-02T09:26:23","date_gmt":"2026-03-02T08:26:23","guid":{"rendered":"https:\/\/agora.xtec.cat\/ceipalbirka\/?p=11495"},"modified":"2026-03-02T09:26:23","modified_gmt":"2026-03-02T08:26:23","slug":"tv-albirka-8","status":"publish","type":"post","link":"https:\/\/agora.xtec.cat\/ceipalbirka\/general\/tv-albirka-8\/","title":{"rendered":"TV ALBIRKA 8"},"content":{"rendered":"<p style=\"text-align: justify;\" data-start=\"74\" data-end=\"272\">L\u2019alumnat de 6\u00e8 ja ha editat el <strong>vuit\u00e8 programa de la TV Albirka!<\/strong><\/p>\n<p style=\"text-align: justify;\" data-start=\"274\" data-end=\"519\">En aquest programa, ens llegeixen les not\u00edcies l\u2019alumnat de 5\u00e8, de CS. Des del SEP digital seguim avan\u00e7ant amb les eines d\u2019edici\u00f3: afegim t\u00edtols, m\u00fasica i nous efectes que fan els v\u00eddeos m\u00e9s din\u00e0mics i professionals.<\/p>\n<p style=\"text-align: justify;\" data-start=\"666\" data-end=\"775\">Us convidem a veure el programa per estar al dia de tot el que passa a l\u2019escola!<br data-start=\"709\" data-end=\"712\" \/>Benvinguts i benvingudes a un nou cap\u00edtol de la TV Albirka! \ud83c\udfa5\u2728<\/p>\n<p data-start=\"666\" data-end=\"775\"><a href=\"https:\/\/agora.xtec.cat\/ceipalbirka\/general\/video-tv-albirka-8\/\">Cliqueu AQU\u00cd per veure el programa!!<\/a><\/p>\n<p data-start=\"666\" data-end=\"775\">\n","protected":false},"excerpt":{"rendered":"<p>L\u2019alumnat de 6\u00e8 ja ha editat el vuit\u00e8 programa de la TV Albirka!<br \/>\nEn aquest programa, ens llegeixen les not\u00edcies l\u2019alumnat de 5\u00e8, de CS. Des del SEP digital seguim avan\u00e7ant amb les eines d\u2019edici\u00f3: afegim t\u00edtols, m\u00fasica i nous efectes que fan els v\u00eddeos m\u00e9s&hellip;  <a href=\"https:\/\/agora.xtec.cat\/ceipalbirka\/general\/tv-albirka-8\/\" title=\"Read TV ALBIRKA 8\">Llegeix m\u00e9s\u00bb<\/a><\/p>\n","protected":false},"author":4,"featured_media":10352,"comment_status":"closed","ping_status":"open","sticky":false,"template":"","format":"standard","meta":{"_bbp_topic_count":0,"_bbp_reply_count":0,"_bbp_total_topic_count":0,"_bbp_total_reply_count":0,"_bbp_voice_count":0,"_bbp_anonymous_reply_count":0,"_bbp_topic_count_hidden":0,"_bbp_reply_count_hidden":0,"_bbp_forum_subforum_count":0,"footnotes":""},"categories":[21,10,12,14,40,41,1,4,82,75],"tags":[],"class_list":["post-11495","post","type-post","status-publish","format-standard","has-post-thumbnail","hentry","category-activitats-generals","category-cicle-inicial","category-cicle-mitja","category-cicle-superior","category-infantil","category-primaria","category-general","category-portada","category-robotica-i-noves-tecnologies","category-telegram"],"post_mailing_queue_ids":[],"_links":{"self":[{"href":"https:\/\/agora.xtec.cat\/ceipalbirka\/wp-json\/wp\/v2\/posts\/11495","targetHints":{"allow":["GET"]}}],"collection":[{"href":"https:\/\/agora.xtec.cat\/ceipalbirka\/wp-json\/wp\/v2\/posts"}],"about":[{"href":"https:\/\/agora.xtec.cat\/ceipalbirka\/wp-json\/wp\/v2\/types\/post"}],"author":[{"embeddable":true,"href":"https:\/\/agora.xtec.cat\/ceipalbirka\/wp-json\/wp\/v2\/users\/4"}],"replies":[{"embeddable":true,"href":"https:\/\/agora.xtec.cat\/ceipalbirka\/wp-json\/wp\/v2\/comments?post=11495"}],"version-history":[{"count":1,"href":"https:\/\/agora.xtec.cat\/ceipalbirka\/wp-json\/wp\/v2\/posts\/11495\/revisions"}],"predecessor-version":[{"id":11496,"href":"https:\/\/agora.xtec.cat\/ceipalbirka\/wp-json\/wp\/v2\/posts\/11495\/revisions\/11496"}],"wp:featuredmedia":[{"embeddable":true,"href":"https:\/\/agora.xtec.cat\/ceipalbirka\/wp-json\/wp\/v2\/media\/10352"}],"wp:attachment":[{"href":"https:\/\/agora.xtec.cat\/ceipalbirka\/wp-json\/wp\/v2\/media?parent=11495"}],"wp:term":[{"taxonomy":"category","embeddable":true,"href":"https:\/\/agora.xtec.cat\/ceipalbirka\/wp-json\/wp\/v2\/categories?post=11495"},{"taxonomy":"post_tag","embeddable":true,"href":"https:\/\/agora.xtec.cat\/ceipalbirka\/wp-json\/wp\/v2\/tags?post=11495"}],"curies":[{"name":"wp","href":"https:\/\/api.w.org\/{rel}","templated":true}]}}