{"id":11492,"date":"2026-03-02T09:22:25","date_gmt":"2026-03-02T08:22:25","guid":{"rendered":"https:\/\/agora.xtec.cat\/ceipalbirka\/?p=11492"},"modified":"2026-03-02T09:22:25","modified_gmt":"2026-03-02T08:22:25","slug":"visita-a-la-biblioteca-atlantida-2n-2","status":"publish","type":"post","link":"https:\/\/agora.xtec.cat\/ceipalbirka\/general\/visita-a-la-biblioteca-atlantida-2n-2\/","title":{"rendered":"VISITA A LA BIBLIOTECA ATL\u00c0NTIDA (2n)"},"content":{"rendered":"<p class=\"Textbody\" style=\"text-align: justify;\">Aquest mes de febrer, els nens i nenes de segon hem visitat la biblioteca Atl\u00e0ntida. Aprofitant la celebraci\u00f3 del Carnestoltes, la N\u00faria ens va ensenyar diferents contes que ens van servir d\u2019inspiraci\u00f3 per fer les nostres pr\u00f2pies creacions.<\/p>\n<p class=\"Textbody\" style=\"text-align: justify;\">Despr\u00e9s, vam elaborar el nostre capgr\u00f2s per poder-nos convertir en el personatge que m\u00e9s ens agradava. Va ser una activitat molt creativa i divertida, i ens ho vam passar d\u2019all\u00f2 m\u00e9s b\u00e9!<\/p>\n<p><a href=\"https:\/\/agora.xtec.cat\/ceipalbirka\/general\/fotografies-bibliteca-2n\/\">Cliqueu AQU\u00cd per veure les fotografies!!<\/a><\/p>\n","protected":false},"excerpt":{"rendered":"<p>Aquest mes de febrer, els nens i nenes de segon hem visitat la biblioteca Atl\u00e0ntida. Aprofitant la celebraci\u00f3 del Carnestoltes, la N\u00faria ens va ensenyar diferents contes que ens van servir d\u2019inspiraci\u00f3 per fer les nostres pr\u00f2pies creacions.<br \/>\nDespr\u00e9s, vam elaborar el nostre capgr\u00f2s per poder-nos&hellip;  <a href=\"https:\/\/agora.xtec.cat\/ceipalbirka\/general\/visita-a-la-biblioteca-atlantida-2n-2\/\" title=\"Read VISITA A LA BIBLIOTECA ATL\u00c0NTIDA (2n)\">Llegeix m\u00e9s\u00bb<\/a><\/p>\n","protected":false},"author":4,"featured_media":11493,"comment_status":"closed","ping_status":"open","sticky":false,"template":"","format":"standard","meta":{"_bbp_topic_count":0,"_bbp_reply_count":0,"_bbp_total_topic_count":0,"_bbp_total_reply_count":0,"_bbp_voice_count":0,"_bbp_anonymous_reply_count":0,"_bbp_topic_count_hidden":0,"_bbp_reply_count_hidden":0,"_bbp_forum_subforum_count":0,"footnotes":""},"categories":[21,10,41,1,4,26,75],"tags":[],"class_list":["post-11492","post","type-post","status-publish","format-standard","has-post-thumbnail","hentry","category-activitats-generals","category-cicle-inicial","category-primaria","category-general","category-portada","category-raco-literari","category-telegram"],"post_mailing_queue_ids":[],"_links":{"self":[{"href":"https:\/\/agora.xtec.cat\/ceipalbirka\/wp-json\/wp\/v2\/posts\/11492","targetHints":{"allow":["GET"]}}],"collection":[{"href":"https:\/\/agora.xtec.cat\/ceipalbirka\/wp-json\/wp\/v2\/posts"}],"about":[{"href":"https:\/\/agora.xtec.cat\/ceipalbirka\/wp-json\/wp\/v2\/types\/post"}],"author":[{"embeddable":true,"href":"https:\/\/agora.xtec.cat\/ceipalbirka\/wp-json\/wp\/v2\/users\/4"}],"replies":[{"embeddable":true,"href":"https:\/\/agora.xtec.cat\/ceipalbirka\/wp-json\/wp\/v2\/comments?post=11492"}],"version-history":[{"count":1,"href":"https:\/\/agora.xtec.cat\/ceipalbirka\/wp-json\/wp\/v2\/posts\/11492\/revisions"}],"predecessor-version":[{"id":11494,"href":"https:\/\/agora.xtec.cat\/ceipalbirka\/wp-json\/wp\/v2\/posts\/11492\/revisions\/11494"}],"wp:featuredmedia":[{"embeddable":true,"href":"https:\/\/agora.xtec.cat\/ceipalbirka\/wp-json\/wp\/v2\/media\/11493"}],"wp:attachment":[{"href":"https:\/\/agora.xtec.cat\/ceipalbirka\/wp-json\/wp\/v2\/media?parent=11492"}],"wp:term":[{"taxonomy":"category","embeddable":true,"href":"https:\/\/agora.xtec.cat\/ceipalbirka\/wp-json\/wp\/v2\/categories?post=11492"},{"taxonomy":"post_tag","embeddable":true,"href":"https:\/\/agora.xtec.cat\/ceipalbirka\/wp-json\/wp\/v2\/tags?post=11492"}],"curies":[{"name":"wp","href":"https:\/\/api.w.org\/{rel}","templated":true}]}}