{"id":11452,"date":"2026-02-23T12:25:23","date_gmt":"2026-02-23T11:25:23","guid":{"rendered":"https:\/\/agora.xtec.cat\/ceipalbirka\/?p=11452"},"modified":"2026-02-23T12:25:23","modified_gmt":"2026-02-23T11:25:23","slug":"visites-biblioteca-cm","status":"publish","type":"post","link":"https:\/\/agora.xtec.cat\/ceipalbirka\/general\/visites-biblioteca-cm\/","title":{"rendered":"Visites Biblioteca CM"},"content":{"rendered":"<p style=\"text-align: justify;\">L&#8217;alumnat de 3r i 4t durant el passat mes de gener, van visitar la Bibliotea Atl\u00e0ntida i la N\u00faria, la bibliotec\u00e0ria, ens va preparar una manualitat per fer i tamb\u00e9 ens va explicar moltes coses sobre aquest espai.<\/p>\n<p style=\"text-align: justify;\"><a href=\"https:\/\/agora.xtec.cat\/ceipalbirka\/general\/fotografies-visita-biblioteca-cm\/\">Cliqueu AQU\u00cd per veure totes les fotografies!!<\/a><\/p>\n","protected":false},"excerpt":{"rendered":"<p>L&#8217;alumnat de 3r i 4t durant el passat mes de gener, van visitar la Bibliotea Atl\u00e0ntida i la N\u00faria, la bibliotec\u00e0ria, ens va preparar una manualitat per fer i tamb\u00e9 ens va explicar moltes coses sobre aquest espai.<br \/>\n<a href=\"https:\/\/agora.xtec.cat\/ceipalbirka\/general\/fotografies-visita-biblioteca-cm\/\">Cliqueu AQU\u00cd per veure totes les fotografies!!<\/a><\/p>\n","protected":false},"author":4,"featured_media":8987,"comment_status":"closed","ping_status":"open","sticky":false,"template":"","format":"standard","meta":{"_bbp_topic_count":0,"_bbp_reply_count":0,"_bbp_total_topic_count":0,"_bbp_total_reply_count":0,"_bbp_voice_count":0,"_bbp_anonymous_reply_count":0,"_bbp_topic_count_hidden":0,"_bbp_reply_count_hidden":0,"_bbp_forum_subforum_count":0,"footnotes":""},"categories":[21,12,41,1,25,4,26,75],"tags":[],"class_list":["post-11452","post","type-post","status-publish","format-standard","has-post-thumbnail","hentry","category-activitats-generals","category-cicle-mitja","category-primaria","category-general","category-informacions","category-portada","category-raco-literari","category-telegram"],"post_mailing_queue_ids":[],"_links":{"self":[{"href":"https:\/\/agora.xtec.cat\/ceipalbirka\/wp-json\/wp\/v2\/posts\/11452","targetHints":{"allow":["GET"]}}],"collection":[{"href":"https:\/\/agora.xtec.cat\/ceipalbirka\/wp-json\/wp\/v2\/posts"}],"about":[{"href":"https:\/\/agora.xtec.cat\/ceipalbirka\/wp-json\/wp\/v2\/types\/post"}],"author":[{"embeddable":true,"href":"https:\/\/agora.xtec.cat\/ceipalbirka\/wp-json\/wp\/v2\/users\/4"}],"replies":[{"embeddable":true,"href":"https:\/\/agora.xtec.cat\/ceipalbirka\/wp-json\/wp\/v2\/comments?post=11452"}],"version-history":[{"count":1,"href":"https:\/\/agora.xtec.cat\/ceipalbirka\/wp-json\/wp\/v2\/posts\/11452\/revisions"}],"predecessor-version":[{"id":11453,"href":"https:\/\/agora.xtec.cat\/ceipalbirka\/wp-json\/wp\/v2\/posts\/11452\/revisions\/11453"}],"wp:featuredmedia":[{"embeddable":true,"href":"https:\/\/agora.xtec.cat\/ceipalbirka\/wp-json\/wp\/v2\/media\/8987"}],"wp:attachment":[{"href":"https:\/\/agora.xtec.cat\/ceipalbirka\/wp-json\/wp\/v2\/media?parent=11452"}],"wp:term":[{"taxonomy":"category","embeddable":true,"href":"https:\/\/agora.xtec.cat\/ceipalbirka\/wp-json\/wp\/v2\/categories?post=11452"},{"taxonomy":"post_tag","embeddable":true,"href":"https:\/\/agora.xtec.cat\/ceipalbirka\/wp-json\/wp\/v2\/tags?post=11452"}],"curies":[{"name":"wp","href":"https:\/\/api.w.org\/{rel}","templated":true}]}}