{"id":11440,"date":"2026-02-10T10:06:31","date_gmt":"2026-02-10T09:06:31","guid":{"rendered":"https:\/\/agora.xtec.cat\/ceipalbirka\/?p=11440"},"modified":"2026-02-10T10:06:31","modified_gmt":"2026-02-10T09:06:31","slug":"dia-de-la-pau","status":"publish","type":"post","link":"https:\/\/agora.xtec.cat\/ceipalbirka\/general\/dia-de-la-pau\/","title":{"rendered":"DIA DE LA PAU!"},"content":{"rendered":"<p style=\"text-align: justify;\" data-start=\"200\" data-end=\"552\">La pau tamb\u00e9 es construeix, pe\u00e7a a pe\u00e7a.<\/p>\n<p style=\"text-align: justify;\" data-start=\"200\" data-end=\"552\">Per celebrar el <em data-start=\"216\" data-end=\"231\">Dia de la Pau<\/em>, tot l\u2019alumnat de l\u2019escola va baixar fins a la Pla\u00e7a del Toll del poble per viure una experi\u00e8ncia molt especial i carregada de significat. Entre tots i totes, amb l\u2019ajuda de l\u2019alumnat del poble, vam construir la C<strong data-start=\"444\" data-end=\"465\">\u00fapula Leonardome<\/strong>, una estructura que va esdevenir molt m\u00e9s que una construcci\u00f3: va esdevenir un s\u00edmbol.<\/p>\n<p style=\"text-align: justify;\" data-start=\"554\" data-end=\"958\">La c\u00fapula no s\u2019aixeca amb una sola pe\u00e7a ni amb una sola persona. Cada barra, cada uni\u00f3 i cada m\u00e0 s\u00f3n imprescindibles perqu\u00e8 l\u2019estructura es mantingui ferma. <strong data-start=\"711\" data-end=\"747\">La pau funciona exactament igual<\/strong>: no dep\u00e8n d\u2019un sol gest, sin\u00f3 de la suma de petites accions, del respecte mutu, de l\u2019ajuda entre iguals i de la voluntat de treballar plegats. Quan cadasc\u00fa fa la seva part, el resultat \u00e9s fort, estable i bonic.<\/p>\n<p style=\"text-align: justify;\" data-start=\"960\" data-end=\"1313\">Un cop la c\u00fapula va estar dreta, l\u2019espai es va omplir de veus i emocions. Tot l\u2019alumnat va recitar i cantar conjuntament la can\u00e7\u00f3 <strong data-start=\"1090\" data-end=\"1111\">\u201cFesta de la Pau\u201d<\/strong>, convertint la pla\u00e7a en un lloc de trobada, d\u2019uni\u00f3 i de missatge compartit. Un moment senzill per\u00f2 molt potent, que ens recorda que la pau no \u00e9s nom\u00e9s una paraula, sin\u00f3 una manera de fer i de conviure.<\/p>\n<p style=\"text-align: justify;\" data-start=\"1315\" data-end=\"1434\">Una jornada per recordar que, igual que la c\u00fapula Leonardome, <strong data-start=\"1377\" data-end=\"1431\">la pau es construeix entre tots i totes, dia a dia<\/strong> \ud83d\udc99<\/p>\n<p data-start=\"1315\" data-end=\"1434\"><a href=\"https:\/\/agora.xtec.cat\/ceipalbirka\/general\/videos-dia-de-la-pau\/\">CLIQUEU AQU\u00cd PER VEURE ELS V\u00cdDEOS!!<\/a><\/p>\n<p data-start=\"1315\" data-end=\"1434\"><a href=\"https:\/\/agora.xtec.cat\/ceipalbirka\/general\/fotografies-dia-de-la-pau\/\">CLIQUEU AQU\u00cd PER VEURE LES FOTOGRAFIES!!<\/a><\/p>\n","protected":false},"excerpt":{"rendered":"<p>La pau tamb\u00e9 es construeix, pe\u00e7a a pe\u00e7a.<br \/>\nPer celebrar el Dia de la Pau, tot l\u2019alumnat de l\u2019escola va baixar fins a la Pla\u00e7a del Toll del poble per viure una experi\u00e8ncia molt especial i carregada de significat. Entre tots i totes, amb l\u2019ajuda de&hellip;  <a href=\"https:\/\/agora.xtec.cat\/ceipalbirka\/general\/dia-de-la-pau\/\" title=\"Read DIA DE LA PAU!\">Llegeix m\u00e9s\u00bb<\/a><\/p>\n","protected":false},"author":4,"featured_media":11442,"comment_status":"closed","ping_status":"open","sticky":false,"template":"","format":"standard","meta":{"_bbp_topic_count":0,"_bbp_reply_count":0,"_bbp_total_topic_count":0,"_bbp_total_reply_count":0,"_bbp_voice_count":0,"_bbp_anonymous_reply_count":0,"_bbp_topic_count_hidden":0,"_bbp_reply_count_hidden":0,"_bbp_forum_subforum_count":0,"footnotes":""},"categories":[21,10,12,14,40,41,1,37,4,75],"tags":[],"class_list":["post-11440","post","type-post","status-publish","format-standard","has-post-thumbnail","hentry","category-activitats-generals","category-cicle-inicial","category-cicle-mitja","category-cicle-superior","category-infantil","category-primaria","category-general","category-musica","category-portada","category-telegram"],"post_mailing_queue_ids":[],"_links":{"self":[{"href":"https:\/\/agora.xtec.cat\/ceipalbirka\/wp-json\/wp\/v2\/posts\/11440","targetHints":{"allow":["GET"]}}],"collection":[{"href":"https:\/\/agora.xtec.cat\/ceipalbirka\/wp-json\/wp\/v2\/posts"}],"about":[{"href":"https:\/\/agora.xtec.cat\/ceipalbirka\/wp-json\/wp\/v2\/types\/post"}],"author":[{"embeddable":true,"href":"https:\/\/agora.xtec.cat\/ceipalbirka\/wp-json\/wp\/v2\/users\/4"}],"replies":[{"embeddable":true,"href":"https:\/\/agora.xtec.cat\/ceipalbirka\/wp-json\/wp\/v2\/comments?post=11440"}],"version-history":[{"count":1,"href":"https:\/\/agora.xtec.cat\/ceipalbirka\/wp-json\/wp\/v2\/posts\/11440\/revisions"}],"predecessor-version":[{"id":11443,"href":"https:\/\/agora.xtec.cat\/ceipalbirka\/wp-json\/wp\/v2\/posts\/11440\/revisions\/11443"}],"wp:featuredmedia":[{"embeddable":true,"href":"https:\/\/agora.xtec.cat\/ceipalbirka\/wp-json\/wp\/v2\/media\/11442"}],"wp:attachment":[{"href":"https:\/\/agora.xtec.cat\/ceipalbirka\/wp-json\/wp\/v2\/media?parent=11440"}],"wp:term":[{"taxonomy":"category","embeddable":true,"href":"https:\/\/agora.xtec.cat\/ceipalbirka\/wp-json\/wp\/v2\/categories?post=11440"},{"taxonomy":"post_tag","embeddable":true,"href":"https:\/\/agora.xtec.cat\/ceipalbirka\/wp-json\/wp\/v2\/tags?post=11440"}],"curies":[{"name":"wp","href":"https:\/\/api.w.org\/{rel}","templated":true}]}}