{"id":11430,"date":"2026-02-09T09:59:38","date_gmt":"2026-02-09T08:59:38","guid":{"rendered":"https:\/\/agora.xtec.cat\/ceipalbirka\/?p=11430"},"modified":"2026-02-09T09:59:38","modified_gmt":"2026-02-09T08:59:38","slug":"lalumnat-participa-al-cros-darbeca","status":"publish","type":"post","link":"https:\/\/agora.xtec.cat\/ceipalbirka\/general\/lalumnat-participa-al-cros-darbeca\/","title":{"rendered":"L\u2019alumnat participa al Cros d\u2019Arbeca!"},"content":{"rendered":"<p style=\"text-align: justify;\" data-start=\"266\" data-end=\"626\">Aquest cap de setmana, l\u2019<strong data-start=\"291\" data-end=\"333\">alumnat d\u2019Educaci\u00f3 Infantil i Prim\u00e0ria<\/strong> de la nostra escola va viure una jornada molt especial participant al <strong data-start=\"404\" data-end=\"421\">Cros d\u2019Arbeca<\/strong>, una cursa que va molt m\u00e9s enll\u00e0 de c\u00f3rrer. El cros del poble, per\u00f2 tamb\u00e9 una prova integrada dins la <strong data-start=\"524\" data-end=\"565\">lliga de crossos de tota la prov\u00edncia<\/strong>, on es donen cita alumnes i corredors d\u2019arreu del territori.<\/p>\n<p style=\"text-align: justify;\" data-start=\"628\" data-end=\"988\">Veure els nostres infants compartint espai amb tants altres nens i nenes, tots amb el mateix nerviosisme abans de la sortida i el mateix somriure en arribar a meta, \u00e9s una experi\u00e8ncia que emociona. Hi va haver <strong data-start=\"838\" data-end=\"860\">molta participaci\u00f3<\/strong>, ganes, esfor\u00e7 i il\u00b7lusi\u00f3. Cada passa, cada bufada i cada mirada buscant \u00e0nims entre el p\u00fablic parlava de superaci\u00f3 i valentia.<\/p>\n<p style=\"text-align: justify;\" data-start=\"990\" data-end=\"1291\">Participar en una activitat d\u2019aquest nivell, per\u00f2 <strong data-start=\"1040\" data-end=\"1061\">arrelada al poble<\/strong>, fa que l\u2019experi\u00e8ncia sigui encara m\u00e9s especial. Arbeca es converteix, per un dia, en punt de trobada de l\u2019esport escolar, i els nostres alumnes hi prenen part com a protagonistes, sentint-se part d\u2019una comunitat que corre junta.<\/p>\n<p style=\"text-align: justify;\" data-start=\"1293\" data-end=\"1541\">Al Cros d\u2019Arbeca no tothom corre per guanyar. Es corre per <strong data-start=\"1352\" data-end=\"1375\">viure l\u2019experi\u00e8ncia<\/strong>, per provar-se, per aprendre a gestionar els nervis, per animar els companys i companyes i per entendre que l\u2019esport tamb\u00e9 \u00e9s compartir, respectar i cr\u00e9ixer plegats.<\/p>\n<p style=\"text-align: justify;\" data-start=\"1543\" data-end=\"1849\">Des de l\u2019escola, volem <strong data-start=\"1566\" data-end=\"1590\">felicitar de tot cor<\/strong> tot l\u2019alumnat que hi va participar. El vostre esfor\u00e7, actitud i il\u00b7lusi\u00f3 fan que jornades com aquesta deixin empremta. Gr\u00e0cies tamb\u00e9 a les fam\u00edlies i a l\u2019organitzaci\u00f3 per fer possible una activitat que connecta escola, poble i esport d\u2019una manera tan bonica.<\/p>\n<p data-start=\"1374\" data-end=\"1658\"><a href=\"https:\/\/agora.xtec.cat\/ceipalbirka\/general\/fotografies-cros-arbeca\/\">FEU CLICK AQU\u00cd SI VOLEU VEURE LES FOTOGRAFIES!!!<\/a><\/p>\n","protected":false},"excerpt":{"rendered":"<p>Aquest cap de setmana, l\u2019alumnat d\u2019Educaci\u00f3 Infantil i Prim\u00e0ria de la nostra escola va viure una jornada molt especial participant al Cros d\u2019Arbeca, una cursa que va molt m\u00e9s enll\u00e0 de c\u00f3rrer. El cros del poble, per\u00f2 tamb\u00e9 una prova integrada dins la lliga de&hellip;  <a href=\"https:\/\/agora.xtec.cat\/ceipalbirka\/general\/lalumnat-participa-al-cros-darbeca\/\" title=\"Read L\u2019alumnat participa al Cros d\u2019Arbeca!\">Llegeix m\u00e9s\u00bb<\/a><\/p>\n","protected":false},"author":4,"featured_media":11425,"comment_status":"closed","ping_status":"open","sticky":false,"template":"","format":"standard","meta":{"_bbp_topic_count":0,"_bbp_reply_count":0,"_bbp_total_topic_count":0,"_bbp_total_reply_count":0,"_bbp_voice_count":0,"_bbp_anonymous_reply_count":0,"_bbp_topic_count_hidden":0,"_bbp_reply_count_hidden":0,"_bbp_forum_subforum_count":0,"footnotes":""},"categories":[21,10,12,14,40,41,35,1,4,75],"tags":[],"class_list":["post-11430","post","type-post","status-publish","format-standard","has-post-thumbnail","hentry","category-activitats-generals","category-cicle-inicial","category-cicle-mitja","category-cicle-superior","category-infantil","category-primaria","category-educacio-fisica","category-general","category-portada","category-telegram"],"post_mailing_queue_ids":[],"_links":{"self":[{"href":"https:\/\/agora.xtec.cat\/ceipalbirka\/wp-json\/wp\/v2\/posts\/11430","targetHints":{"allow":["GET"]}}],"collection":[{"href":"https:\/\/agora.xtec.cat\/ceipalbirka\/wp-json\/wp\/v2\/posts"}],"about":[{"href":"https:\/\/agora.xtec.cat\/ceipalbirka\/wp-json\/wp\/v2\/types\/post"}],"author":[{"embeddable":true,"href":"https:\/\/agora.xtec.cat\/ceipalbirka\/wp-json\/wp\/v2\/users\/4"}],"replies":[{"embeddable":true,"href":"https:\/\/agora.xtec.cat\/ceipalbirka\/wp-json\/wp\/v2\/comments?post=11430"}],"version-history":[{"count":1,"href":"https:\/\/agora.xtec.cat\/ceipalbirka\/wp-json\/wp\/v2\/posts\/11430\/revisions"}],"predecessor-version":[{"id":11431,"href":"https:\/\/agora.xtec.cat\/ceipalbirka\/wp-json\/wp\/v2\/posts\/11430\/revisions\/11431"}],"wp:featuredmedia":[{"embeddable":true,"href":"https:\/\/agora.xtec.cat\/ceipalbirka\/wp-json\/wp\/v2\/media\/11425"}],"wp:attachment":[{"href":"https:\/\/agora.xtec.cat\/ceipalbirka\/wp-json\/wp\/v2\/media?parent=11430"}],"wp:term":[{"taxonomy":"category","embeddable":true,"href":"https:\/\/agora.xtec.cat\/ceipalbirka\/wp-json\/wp\/v2\/categories?post=11430"},{"taxonomy":"post_tag","embeddable":true,"href":"https:\/\/agora.xtec.cat\/ceipalbirka\/wp-json\/wp\/v2\/tags?post=11430"}],"curies":[{"name":"wp","href":"https:\/\/api.w.org\/{rel}","templated":true}]}}