{"id":11422,"date":"2026-02-05T10:26:06","date_gmt":"2026-02-05T09:26:06","guid":{"rendered":"https:\/\/agora.xtec.cat\/ceipalbirka\/?p=11422"},"modified":"2026-02-05T10:26:06","modified_gmt":"2026-02-05T09:26:06","slug":"tv-albirka-6-i-7","status":"publish","type":"post","link":"https:\/\/agora.xtec.cat\/ceipalbirka\/general\/tv-albirka-6-i-7\/","title":{"rendered":"TV ALBIRKA 6 i 7"},"content":{"rendered":"<p data-start=\"74\" data-end=\"272\">L\u2019alumnat de 6\u00e8 ja ha editat el <strong data-start=\"106\" data-end=\"143\">sis\u00e8 i set\u00e8 programa de la TV Albirka!<\/strong><\/p>\n<p data-start=\"274\" data-end=\"519\">En aquests programes, ens llegeixen les not\u00edcies l\u2019alumnat de Cicle Inicial. Des del SEP digital seguim avan\u00e7ant amb les eines d\u2019edici\u00f3: afegim t\u00edtols, m\u00fasica i nous efectes que fan els v\u00eddeos m\u00e9s din\u00e0mics i professionals.<\/p>\n<p data-start=\"666\" data-end=\"775\">Us convidem a veure el dos programes per estar al dia de tot el que passa a l&#8217;escola!<br data-start=\"709\" data-end=\"712\" \/>Benvinguts i benvingudes a un nou cap\u00edtol de la TV Albirka! \ud83c\udfa5\u2728<\/p>\n<p data-start=\"777\" data-end=\"838\" data-is-last-node=\"\" data-is-only-node=\"\"><a href=\"https:\/\/agora.xtec.cat\/ceipalbirka\/general\/video-tv-albirka-6\/\">Cliqueu AQU\u00cd per veure el 6\u00e8 programa!!<\/a><\/p>\n<p data-start=\"777\" data-end=\"838\" data-is-last-node=\"\" data-is-only-node=\"\"><a href=\"https:\/\/agora.xtec.cat\/ceipalbirka\/general\/video-tv-albirka-7\/\">Cliqueu AQU\u00cd per veure el 7\u00e8 programa!!<\/a><\/p>\n","protected":false},"excerpt":{"rendered":"<p>L\u2019alumnat de 6\u00e8 ja ha editat el sis\u00e8 i set\u00e8 programa de la TV Albirka!<br \/>\nEn aquests programes, ens llegeixen les not\u00edcies l\u2019alumnat de Cicle Inicial. Des del SEP digital seguim avan\u00e7ant amb les eines d\u2019edici\u00f3: afegim t\u00edtols, m\u00fasica i nous efectes que fan els v\u00eddeos&hellip;  <a href=\"https:\/\/agora.xtec.cat\/ceipalbirka\/general\/tv-albirka-6-i-7\/\" title=\"Read TV ALBIRKA 6 i 7\">Llegeix m\u00e9s\u00bb<\/a><\/p>\n","protected":false},"author":4,"featured_media":10352,"comment_status":"closed","ping_status":"open","sticky":false,"template":"","format":"standard","meta":{"_bbp_topic_count":0,"_bbp_reply_count":0,"_bbp_total_topic_count":0,"_bbp_total_reply_count":0,"_bbp_voice_count":0,"_bbp_anonymous_reply_count":0,"_bbp_topic_count_hidden":0,"_bbp_reply_count_hidden":0,"_bbp_forum_subforum_count":0,"footnotes":""},"categories":[21,10,41,1,25,4,82,75],"tags":[],"class_list":["post-11422","post","type-post","status-publish","format-standard","has-post-thumbnail","hentry","category-activitats-generals","category-cicle-inicial","category-primaria","category-general","category-informacions","category-portada","category-robotica-i-noves-tecnologies","category-telegram"],"post_mailing_queue_ids":[],"_links":{"self":[{"href":"https:\/\/agora.xtec.cat\/ceipalbirka\/wp-json\/wp\/v2\/posts\/11422","targetHints":{"allow":["GET"]}}],"collection":[{"href":"https:\/\/agora.xtec.cat\/ceipalbirka\/wp-json\/wp\/v2\/posts"}],"about":[{"href":"https:\/\/agora.xtec.cat\/ceipalbirka\/wp-json\/wp\/v2\/types\/post"}],"author":[{"embeddable":true,"href":"https:\/\/agora.xtec.cat\/ceipalbirka\/wp-json\/wp\/v2\/users\/4"}],"replies":[{"embeddable":true,"href":"https:\/\/agora.xtec.cat\/ceipalbirka\/wp-json\/wp\/v2\/comments?post=11422"}],"version-history":[{"count":1,"href":"https:\/\/agora.xtec.cat\/ceipalbirka\/wp-json\/wp\/v2\/posts\/11422\/revisions"}],"predecessor-version":[{"id":11423,"href":"https:\/\/agora.xtec.cat\/ceipalbirka\/wp-json\/wp\/v2\/posts\/11422\/revisions\/11423"}],"wp:featuredmedia":[{"embeddable":true,"href":"https:\/\/agora.xtec.cat\/ceipalbirka\/wp-json\/wp\/v2\/media\/10352"}],"wp:attachment":[{"href":"https:\/\/agora.xtec.cat\/ceipalbirka\/wp-json\/wp\/v2\/media?parent=11422"}],"wp:term":[{"taxonomy":"category","embeddable":true,"href":"https:\/\/agora.xtec.cat\/ceipalbirka\/wp-json\/wp\/v2\/categories?post=11422"},{"taxonomy":"post_tag","embeddable":true,"href":"https:\/\/agora.xtec.cat\/ceipalbirka\/wp-json\/wp\/v2\/tags?post=11422"}],"curies":[{"name":"wp","href":"https:\/\/api.w.org\/{rel}","templated":true}]}}