{"id":11405,"date":"2026-02-02T12:21:36","date_gmt":"2026-02-02T11:21:36","guid":{"rendered":"https:\/\/agora.xtec.cat\/ceipalbirka\/?p=11405"},"modified":"2026-02-04T13:12:10","modified_gmt":"2026-02-04T12:12:10","slug":"tv-albirka-4-ei-i-cm","status":"publish","type":"post","link":"https:\/\/agora.xtec.cat\/ceipalbirka\/general\/tv-albirka-4-ei-i-cm\/","title":{"rendered":"TV ALBIRKA 4 i 5 (EI i CM)"},"content":{"rendered":"<p style=\"text-align: justify;\" data-start=\"74\" data-end=\"272\">L\u2019alumnat de 6\u00e8 ja ha editat el <strong data-start=\"106\" data-end=\"143\">quart programa de la TV Albirka!<\/strong> Despr\u00e9s dels tres primers telenot\u00edcies, continuem aprenent i millorant per explicar-vos noves activitats i projectes de l\u2019escola.<\/p>\n<p style=\"text-align: justify;\" data-start=\"274\" data-end=\"519\">En aquest programa, ens llegeixen les not\u00edcies l\u2019alumnat de i5 i l&#8217;alumnat de 3r. Des del SEP digital seguim avan\u00e7ant amb les eines d\u2019edici\u00f3: afegim t\u00edtols, m\u00fasica i nous efectes que fan els v\u00eddeos m\u00e9s din\u00e0mics i professionals.<\/p>\n<p style=\"text-align: justify;\" data-start=\"666\" data-end=\"775\">Us convidem a veure el\u00a0<strong data-start=\"689\" data-end=\"708\">quart programa<\/strong>!<br data-start=\"709\" data-end=\"712\" \/>Benvinguts i benvingudes a un nou cap\u00edtol de la TV Albirka! \ud83c\udfa5\u2728<\/p>\n<p style=\"text-align: justify;\" data-start=\"777\" data-end=\"838\" data-is-last-node=\"\" data-is-only-node=\"\">Cliqueu a la imatge per veure els v\u00eddeos del quart programa!<\/p>\n<p data-start=\"777\" data-end=\"838\" data-is-last-node=\"\" data-is-only-node=\"\"><a href=\"https:\/\/agora.xtec.cat\/ceipalbirka\/general\/video-tv-albirka-4-i-5\/\"><img loading=\"lazy\" decoding=\"async\" class=\"aligncenter wp-image-11232\" src=\"https:\/\/agora.xtec.cat\/ceipalbirka\/wp-content\/uploads\/usu298\/2025\/11\/Imagesweb.png\" alt=\"\" width=\"223\" height=\"223\" srcset=\"https:\/\/agora.xtec.cat\/ceipalbirka\/wp-content\/uploads\/usu298\/2025\/11\/Imagesweb.png 720w, https:\/\/agora.xtec.cat\/ceipalbirka\/wp-content\/uploads\/usu298\/2025\/11\/Imagesweb-300x300.png 300w, https:\/\/agora.xtec.cat\/ceipalbirka\/wp-content\/uploads\/usu298\/2025\/11\/Imagesweb-150x150.png 150w\" sizes=\"auto, (max-width: 223px) 100vw, 223px\" \/><\/a><\/p>\n","protected":false},"excerpt":{"rendered":"<p>L\u2019alumnat de 6\u00e8 ja ha editat el quart programa de la TV Albirka! Despr\u00e9s dels tres primers telenot\u00edcies, continuem aprenent i millorant per explicar-vos noves activitats i projectes de l\u2019escola.<br \/>\nEn aquest programa, ens llegeixen les not\u00edcies l\u2019alumnat de i5 i l&#8217;alumnat de 3r. Des del&hellip;  <a href=\"https:\/\/agora.xtec.cat\/ceipalbirka\/general\/tv-albirka-4-ei-i-cm\/\" title=\"Read TV ALBIRKA 4 i 5 (EI i CM)\">Llegeix m\u00e9s\u00bb<\/a><\/p>\n","protected":false},"author":4,"featured_media":10353,"comment_status":"closed","ping_status":"open","sticky":false,"template":"","format":"standard","meta":{"_bbp_topic_count":0,"_bbp_reply_count":0,"_bbp_total_topic_count":0,"_bbp_total_reply_count":0,"_bbp_voice_count":0,"_bbp_anonymous_reply_count":0,"_bbp_topic_count_hidden":0,"_bbp_reply_count_hidden":0,"_bbp_forum_subforum_count":0,"footnotes":""},"categories":[21,12,40,41,1,4,82,75],"tags":[],"class_list":["post-11405","post","type-post","status-publish","format-standard","has-post-thumbnail","hentry","category-activitats-generals","category-cicle-mitja","category-infantil","category-primaria","category-general","category-portada","category-robotica-i-noves-tecnologies","category-telegram"],"post_mailing_queue_ids":[],"_links":{"self":[{"href":"https:\/\/agora.xtec.cat\/ceipalbirka\/wp-json\/wp\/v2\/posts\/11405","targetHints":{"allow":["GET"]}}],"collection":[{"href":"https:\/\/agora.xtec.cat\/ceipalbirka\/wp-json\/wp\/v2\/posts"}],"about":[{"href":"https:\/\/agora.xtec.cat\/ceipalbirka\/wp-json\/wp\/v2\/types\/post"}],"author":[{"embeddable":true,"href":"https:\/\/agora.xtec.cat\/ceipalbirka\/wp-json\/wp\/v2\/users\/4"}],"replies":[{"embeddable":true,"href":"https:\/\/agora.xtec.cat\/ceipalbirka\/wp-json\/wp\/v2\/comments?post=11405"}],"version-history":[{"count":2,"href":"https:\/\/agora.xtec.cat\/ceipalbirka\/wp-json\/wp\/v2\/posts\/11405\/revisions"}],"predecessor-version":[{"id":11407,"href":"https:\/\/agora.xtec.cat\/ceipalbirka\/wp-json\/wp\/v2\/posts\/11405\/revisions\/11407"}],"wp:featuredmedia":[{"embeddable":true,"href":"https:\/\/agora.xtec.cat\/ceipalbirka\/wp-json\/wp\/v2\/media\/10353"}],"wp:attachment":[{"href":"https:\/\/agora.xtec.cat\/ceipalbirka\/wp-json\/wp\/v2\/media?parent=11405"}],"wp:term":[{"taxonomy":"category","embeddable":true,"href":"https:\/\/agora.xtec.cat\/ceipalbirka\/wp-json\/wp\/v2\/categories?post=11405"},{"taxonomy":"post_tag","embeddable":true,"href":"https:\/\/agora.xtec.cat\/ceipalbirka\/wp-json\/wp\/v2\/tags?post=11405"}],"curies":[{"name":"wp","href":"https:\/\/api.w.org\/{rel}","templated":true}]}}