{"id":11385,"date":"2026-01-29T09:02:35","date_gmt":"2026-01-29T08:02:35","guid":{"rendered":"https:\/\/agora.xtec.cat\/ceipalbirka\/?p=11385"},"modified":"2026-02-27T14:54:22","modified_gmt":"2026-02-27T13:54:22","slug":"dance-your-style-albirka-25-26","status":"publish","type":"post","link":"https:\/\/agora.xtec.cat\/ceipalbirka\/general\/dance-your-style-albirka-25-26\/","title":{"rendered":"DANCE YOUR STYLE ALBIRKA 25\/26"},"content":{"rendered":"<p style=\"text-align: justify;\" data-start=\"192\" data-end=\"522\">Aquest mes de gener, l\u2019escola Albirka va viure un d\u2019aquells moments que queden gravats a la mem\u00f2ria. La m\u00fasica, els aplaudiments i les emocions a flor de pell van ser els grans protagonistes del <strong data-start=\"393\" data-end=\"431\">\u2018Redbull Dance Your Style Albirka\u2019<\/strong>, un esdeveniment que enguany ha estat m\u00e9s intens, m\u00e9s participatiu i m\u00e9s especial que mai.<\/p>\n<p style=\"text-align: justify;\" data-start=\"524\" data-end=\"915\">Aquesta activitat, treballada dins l\u2019\u00e0rea d\u2019educaci\u00f3 f\u00edsica, <strong data-start=\"585\" data-end=\"653\">va implicar tot l\u2019alumnat de prim\u00e0ria, des de primer fins a sis\u00e8<\/strong>, fent possible una experi\u00e8ncia compartida que va anar molt m\u00e9s enll\u00e0 del ball. Enguany, les <strong data-start=\"746\" data-end=\"770\">coreografies grupals<\/strong> han tingut un paper central, permetent als infants cr\u00e9ixer plegats, ajudar-se, confiar els uns en els altres i sentir-se part d\u2019un mateix equip.<\/p>\n<p style=\"text-align: justify;\" data-start=\"917\" data-end=\"1329\">L\u2019escenari va tornar a emocionar des del primer moment: un gran cercle format per companys, companyes i mestres, envoltant els ballarins al centre. La m\u00fasica sonava fort, per\u00f2 encara ho feien m\u00e9s els batecs accelerats, els nervis abans de comen\u00e7ar i les mirades c\u00f2mplices buscant seguretat entre amics. I, quan el ball comen\u00e7ava, tot aix\u00f2 es transformava en somriures, energia i una il\u00b7lusi\u00f3 impossible d\u2019amagar.<\/p>\n<p style=\"text-align: justify;\" data-start=\"1331\" data-end=\"1690\">Cada actuaci\u00f3 va ser \u00fanica. No nom\u00e9s pel moviment, sin\u00f3 pel que transmetia: <strong data-start=\"1407\" data-end=\"1450\">esfor\u00e7, const\u00e0ncia, superaci\u00f3 i alegria<\/strong>. Va ser especialment emotiu veure infants de totes les edats compartint escenari, animant-se m\u00fatuament i celebrant cada pas, demostrant que l\u2019aut\u00e8ntic valor no \u00e9s fer-ho perfecte, sin\u00f3 atrevir-se a sortir, expressar-se i gaudir del moment.<\/p>\n<p style=\"text-align: justify;\" data-start=\"1692\" data-end=\"1972\">Aquest \u2018Redbull Dance Your Style Albirka\u2019 ha estat una experi\u00e8ncia profundament significativa per a tota la comunitat educativa. Un record que parla d\u2019infants valents, de companyonia sincera i d\u2019una escola que aposta per educar tamb\u00e9 a trav\u00e9s de les emocions, l\u2019art i el moviment.<\/p>\n<p style=\"text-align: justify;\" data-start=\"1974\" data-end=\"2095\"><strong data-start=\"1974\" data-end=\"2091\">Cliqueu a la imatge per veure el v\u00eddeo-resum de l\u2019esdeveniment i tornar a viure aquesta experi\u00e8ncia tan especial.<\/strong> \ud83c\udfb6\u2728<\/p>\n<p data-start=\"1974\" data-end=\"2095\"><a href=\"https:\/\/agora.xtec.cat\/ceipalbirka\/general\/video-dance-your-style-2026\/\"><img loading=\"lazy\" decoding=\"async\" class=\"aligncenter  wp-image-11486\" src=\"https:\/\/agora.xtec.cat\/ceipalbirka\/wp-content\/uploads\/usu298\/2026\/01\/Captura-de-pantalla-2026-02-27-a-las-14.53.09-1024x552.png\" alt=\"\" width=\"523\" height=\"282\" srcset=\"https:\/\/agora.xtec.cat\/ceipalbirka\/wp-content\/uploads\/usu298\/2026\/01\/Captura-de-pantalla-2026-02-27-a-las-14.53.09-1024x552.png 1024w, https:\/\/agora.xtec.cat\/ceipalbirka\/wp-content\/uploads\/usu298\/2026\/01\/Captura-de-pantalla-2026-02-27-a-las-14.53.09-300x162.png 300w, https:\/\/agora.xtec.cat\/ceipalbirka\/wp-content\/uploads\/usu298\/2026\/01\/Captura-de-pantalla-2026-02-27-a-las-14.53.09-768x414.png 768w, https:\/\/agora.xtec.cat\/ceipalbirka\/wp-content\/uploads\/usu298\/2026\/01\/Captura-de-pantalla-2026-02-27-a-las-14.53.09.png 1336w\" sizes=\"auto, (max-width: 523px) 100vw, 523px\" \/><\/a><\/p>\n","protected":false},"excerpt":{"rendered":"<p>Aquest mes de gener, l\u2019escola Albirka va viure un d\u2019aquells moments que queden gravats a la mem\u00f2ria. La m\u00fasica, els aplaudiments i les emocions a flor de pell van ser els grans protagonistes del \u2018Redbull Dance Your Style Albirka\u2019, un esdeveniment que enguany ha estat&hellip;  <a href=\"https:\/\/agora.xtec.cat\/ceipalbirka\/general\/dance-your-style-albirka-25-26\/\" title=\"Read DANCE YOUR STYLE ALBIRKA 25\/26\">Llegeix m\u00e9s\u00bb<\/a><\/p>\n","protected":false},"author":4,"featured_media":11486,"comment_status":"closed","ping_status":"open","sticky":false,"template":"","format":"standard","meta":{"_bbp_topic_count":0,"_bbp_reply_count":0,"_bbp_total_topic_count":0,"_bbp_total_reply_count":0,"_bbp_voice_count":0,"_bbp_anonymous_reply_count":0,"_bbp_topic_count_hidden":0,"_bbp_reply_count_hidden":0,"_bbp_forum_subforum_count":0,"footnotes":""},"categories":[21,10,12,14,41,35,1,4,75],"tags":[],"class_list":["post-11385","post","type-post","status-publish","format-standard","has-post-thumbnail","hentry","category-activitats-generals","category-cicle-inicial","category-cicle-mitja","category-cicle-superior","category-primaria","category-educacio-fisica","category-general","category-portada","category-telegram"],"post_mailing_queue_ids":[],"_links":{"self":[{"href":"https:\/\/agora.xtec.cat\/ceipalbirka\/wp-json\/wp\/v2\/posts\/11385","targetHints":{"allow":["GET"]}}],"collection":[{"href":"https:\/\/agora.xtec.cat\/ceipalbirka\/wp-json\/wp\/v2\/posts"}],"about":[{"href":"https:\/\/agora.xtec.cat\/ceipalbirka\/wp-json\/wp\/v2\/types\/post"}],"author":[{"embeddable":true,"href":"https:\/\/agora.xtec.cat\/ceipalbirka\/wp-json\/wp\/v2\/users\/4"}],"replies":[{"embeddable":true,"href":"https:\/\/agora.xtec.cat\/ceipalbirka\/wp-json\/wp\/v2\/comments?post=11385"}],"version-history":[{"count":3,"href":"https:\/\/agora.xtec.cat\/ceipalbirka\/wp-json\/wp\/v2\/posts\/11385\/revisions"}],"predecessor-version":[{"id":11487,"href":"https:\/\/agora.xtec.cat\/ceipalbirka\/wp-json\/wp\/v2\/posts\/11385\/revisions\/11487"}],"wp:featuredmedia":[{"embeddable":true,"href":"https:\/\/agora.xtec.cat\/ceipalbirka\/wp-json\/wp\/v2\/media\/11486"}],"wp:attachment":[{"href":"https:\/\/agora.xtec.cat\/ceipalbirka\/wp-json\/wp\/v2\/media?parent=11385"}],"wp:term":[{"taxonomy":"category","embeddable":true,"href":"https:\/\/agora.xtec.cat\/ceipalbirka\/wp-json\/wp\/v2\/categories?post=11385"},{"taxonomy":"post_tag","embeddable":true,"href":"https:\/\/agora.xtec.cat\/ceipalbirka\/wp-json\/wp\/v2\/tags?post=11385"}],"curies":[{"name":"wp","href":"https:\/\/api.w.org\/{rel}","templated":true}]}}