{"id":11374,"date":"2026-01-22T09:45:58","date_gmt":"2026-01-22T08:45:58","guid":{"rendered":"https:\/\/agora.xtec.cat\/ceipalbirka\/?p=11374"},"modified":"2026-01-28T16:47:42","modified_gmt":"2026-01-28T15:47:42","slug":"cros-darbeca-jornades-febrer","status":"publish","type":"post","link":"https:\/\/agora.xtec.cat\/ceipalbirka\/general\/cros-darbeca-jornades-febrer\/","title":{"rendered":"CROS d&#8217;ARBECA (JORNADES FEBRER)"},"content":{"rendered":"<h4 style=\"text-align: justify;\"><strong>Hola fam\u00edlies, us volem recordar que el proper diumenge 1 de febrer es dur\u00e0 a terme el CROS del NOSTRE POBLE, que es far\u00e0 per la zona de les PISTES D&#8217;ATLETISME!!!<\/strong><\/h4>\n<h4 style=\"text-align: justify;\"><strong>Us deixarem l&#8217;enlla\u00e7 per a que als vostres fills i filles puguin participar a aquest esdeveniment.<\/strong><\/h4>\n<p>Durant aquest mes hi haur\u00e0 3 crossos en total, us deixem aqu\u00ed tota la informaci\u00f3:<\/p>\n<ul style=\"text-align: justify;\">\n<li>\n<h5><strong>1 de febrer, Arbeca.<\/strong><\/h5>\n<\/li>\n<li>8 de febrer, Les Borges Blanques.<\/li>\n<li>22 de febrer, Balaguer.<\/li>\n<\/ul>\n<p style=\"text-align: justify;\">Als crossos hi pot participar l\u2019alumnat d\u2019I3 fins a 6\u00e8.<\/p>\n<p style=\"text-align: justify;\">Aquest mes de febrer tamb\u00e9 hi haur\u00e0 dues <strong>jornades esportives:<\/strong><\/p>\n<ul style=\"text-align: justify;\">\n<li><strong>21 de febrer a l&#8217;Albag\u00e8s,\u00a0<\/strong>per alumnes de I3 fins a 6\u00e8.<\/li>\n<li><strong>28 de febrer a Vinaixa<\/strong>, per alumnat de prim\u00e0ria.<\/li>\n<\/ul>\n<p style=\"text-align: justify;\">Us deixem l\u2019enlla\u00e7 del formulari que heu d\u2019omplir per poder-vos inscriure a les diferents activitats. El formulari es tancar\u00e0 el dimarts 27 de gener per al Cros d\u2019Arbeca.<\/p>\n<p><a href=\"https:\/\/docs.google.com\/forms\/d\/1uN8pIlYluxccw-1yajzZH1prm2r8ahg5rkXRTonMmEQ\/edit\">FORMULARI D&#8217;INSCRIPCI\u00d3<\/a><\/p>\n<p style=\"text-align: justify;\">Des de l\u2019escola us animem a participar!<\/p>\n<p><a href=\"https:\/\/agora.xtec.cat\/ceipalbirka\/wp-content\/uploads\/usu298\/2026\/01\/cartell-JORNADES-FEBRER.png\"><img loading=\"lazy\" decoding=\"async\" class=\"aligncenter wp-image-11378\" src=\"https:\/\/agora.xtec.cat\/ceipalbirka\/wp-content\/uploads\/usu298\/2026\/01\/cartell-JORNADES-FEBRER-1024x724.png\" alt=\"\" width=\"813\" height=\"575\" srcset=\"https:\/\/agora.xtec.cat\/ceipalbirka\/wp-content\/uploads\/usu298\/2026\/01\/cartell-JORNADES-FEBRER-1024x724.png 1024w, https:\/\/agora.xtec.cat\/ceipalbirka\/wp-content\/uploads\/usu298\/2026\/01\/cartell-JORNADES-FEBRER-300x212.png 300w, https:\/\/agora.xtec.cat\/ceipalbirka\/wp-content\/uploads\/usu298\/2026\/01\/cartell-JORNADES-FEBRER-768x543.png 768w, https:\/\/agora.xtec.cat\/ceipalbirka\/wp-content\/uploads\/usu298\/2026\/01\/cartell-JORNADES-FEBRER-1536x1086.png 1536w, https:\/\/agora.xtec.cat\/ceipalbirka\/wp-content\/uploads\/usu298\/2026\/01\/cartell-JORNADES-FEBRER.png 2000w\" sizes=\"auto, (max-width: 813px) 100vw, 813px\" \/><\/a><\/p>\n","protected":false},"excerpt":{"rendered":"<p>Hola fam\u00edlies, us volem recordar que el proper diumenge 1 de febrer es dur\u00e0 a terme el CROS del NOSTRE POBLE, que es far\u00e0 per la zona de les PISTES D&#8217;ATLETISME!!!<br \/>\nUs deixarem l&#8217;enlla\u00e7 per a que als vostres fills i filles puguin participar a aquest&hellip;  <a href=\"https:\/\/agora.xtec.cat\/ceipalbirka\/general\/cros-darbeca-jornades-febrer\/\" title=\"Read CROS d&#8217;ARBECA (JORNADES FEBRER)\">Llegeix m\u00e9s\u00bb<\/a><\/p>\n","protected":false},"author":4,"featured_media":11198,"comment_status":"closed","ping_status":"open","sticky":false,"template":"","format":"standard","meta":{"_bbp_topic_count":0,"_bbp_reply_count":0,"_bbp_total_topic_count":0,"_bbp_total_reply_count":0,"_bbp_voice_count":0,"_bbp_anonymous_reply_count":0,"_bbp_topic_count_hidden":0,"_bbp_reply_count_hidden":0,"_bbp_forum_subforum_count":0,"footnotes":""},"categories":[21,7,10,12,14,40,41,35,1,25,4,75],"tags":[],"class_list":["post-11374","post","type-post","status-publish","format-standard","has-post-thumbnail","hentry","category-activitats-generals","category-ampa","category-cicle-inicial","category-cicle-mitja","category-cicle-superior","category-infantil","category-primaria","category-educacio-fisica","category-general","category-informacions","category-portada","category-telegram"],"post_mailing_queue_ids":[],"_links":{"self":[{"href":"https:\/\/agora.xtec.cat\/ceipalbirka\/wp-json\/wp\/v2\/posts\/11374","targetHints":{"allow":["GET"]}}],"collection":[{"href":"https:\/\/agora.xtec.cat\/ceipalbirka\/wp-json\/wp\/v2\/posts"}],"about":[{"href":"https:\/\/agora.xtec.cat\/ceipalbirka\/wp-json\/wp\/v2\/types\/post"}],"author":[{"embeddable":true,"href":"https:\/\/agora.xtec.cat\/ceipalbirka\/wp-json\/wp\/v2\/users\/4"}],"replies":[{"embeddable":true,"href":"https:\/\/agora.xtec.cat\/ceipalbirka\/wp-json\/wp\/v2\/comments?post=11374"}],"version-history":[{"count":5,"href":"https:\/\/agora.xtec.cat\/ceipalbirka\/wp-json\/wp\/v2\/posts\/11374\/revisions"}],"predecessor-version":[{"id":11384,"href":"https:\/\/agora.xtec.cat\/ceipalbirka\/wp-json\/wp\/v2\/posts\/11374\/revisions\/11384"}],"wp:featuredmedia":[{"embeddable":true,"href":"https:\/\/agora.xtec.cat\/ceipalbirka\/wp-json\/wp\/v2\/media\/11198"}],"wp:attachment":[{"href":"https:\/\/agora.xtec.cat\/ceipalbirka\/wp-json\/wp\/v2\/media?parent=11374"}],"wp:term":[{"taxonomy":"category","embeddable":true,"href":"https:\/\/agora.xtec.cat\/ceipalbirka\/wp-json\/wp\/v2\/categories?post=11374"},{"taxonomy":"post_tag","embeddable":true,"href":"https:\/\/agora.xtec.cat\/ceipalbirka\/wp-json\/wp\/v2\/tags?post=11374"}],"curies":[{"name":"wp","href":"https:\/\/api.w.org\/{rel}","templated":true}]}}