{"id":11365,"date":"2026-01-08T10:28:36","date_gmt":"2026-01-08T09:28:36","guid":{"rendered":"https:\/\/agora.xtec.cat\/ceipalbirka\/?p=11365"},"modified":"2026-01-08T10:28:36","modified_gmt":"2026-01-08T09:28:36","slug":"activitats-de-nadal-escola-2","status":"publish","type":"post","link":"https:\/\/agora.xtec.cat\/ceipalbirka\/general\/activitats-de-nadal-escola-2\/","title":{"rendered":"ACTIVITATS DE NADAL (ESCOLA)"},"content":{"rendered":"<p style=\"text-align: justify;\">Despr\u00e9s d\u2019uns dies de descans, retrobaments familiars, il\u00b7lusi\u00f3 i moments especials, a l\u2019escola ja tornem a estar en marxa amb energies renovades. Des del centre, ens agradaria saber <strong>com han anat les vacances de Nadal a les fam\u00edlies<\/strong>: si heu pogut descansar, compartir temps de qualitat i gaudir plegats d\u2019aquestes dates tan especials.<\/p>\n<p style=\"text-align: justify;\">El Nadal \u00e9s un moment molt significatiu per a grans i petits, i a l\u2019escola sempre procurem viure\u2019l amb intensitat, emoci\u00f3 i un toc d\u2019alegria que ens caracteritza. Abans de marxar de vacances, l\u2019\u00faltim dia d\u2019escola va estar ple d\u2019activitats nadalenques que l\u2019alumnat va viure amb molta il\u00b7lusi\u00f3.<\/p>\n<p style=\"text-align: justify;\">Us deixem tot seguit alguns <strong>enlla\u00e7os<\/strong> perqu\u00e8 pugueu reviure com va ser aquella jornada tan especial, plena de somriures, m\u00fasica i bon ambient:<\/p>\n<ul style=\"text-align: justify;\" data-spread=\"false\">\n<li><strong>EI i CM vam cagar el Ti\u00f3!<\/strong>:\u00a0<a href=\"https:\/\/agora.xtec.cat\/ceipalbirka\/general\/fotografies-caguem-el-tio-ei-ci\/\">FOTOGRAFIES CAGUEM EL TI\u00d3 (EI-CI)<\/a><\/li>\n<li><strong>Arribada de l&#8217;Ali Patxa<\/strong>:\u00a0<a href=\"https:\/\/agora.xtec.cat\/ceipalbirka\/general\/fotografies-ali-patxa\/\">FOTOGRAFIES ALI PATXA<\/a><\/li>\n<\/ul>\n<p style=\"text-align: justify;\">Aquests moments formen part de la vida de l\u2019escola i ens agrada compartir-los amb vosaltres, perqu\u00e8 l\u2019educaci\u00f3 \u00e9s un cam\u00ed que recorrem plegats.<\/p>\n<p style=\"text-align: justify;\">Desitgem que aquest nou trimestre hagi comen\u00e7at amb bon peu i moltes ganes d\u2019aprendre. <strong>Gr\u00e0cies per formar part de la comunitat educativa<\/strong> i per acompanyar-nos, un any m\u00e9s, en totes les activitats que donen sentit al dia a dia de l\u2019escola.<\/p>\n<p style=\"text-align: justify;\">Seguim! \ud83d\udc9b<\/p>\n","protected":false},"excerpt":{"rendered":"<p>Despr\u00e9s d\u2019uns dies de descans, retrobaments familiars, il\u00b7lusi\u00f3 i moments especials, a l\u2019escola ja tornem a estar en marxa amb energies renovades. Des del centre, ens agradaria saber com han anat les vacances de Nadal a les fam\u00edlies: si heu pogut descansar, compartir temps de&hellip;  <a href=\"https:\/\/agora.xtec.cat\/ceipalbirka\/general\/activitats-de-nadal-escola-2\/\" title=\"Read ACTIVITATS DE NADAL (ESCOLA)\">Llegeix m\u00e9s\u00bb<\/a><\/p>\n","protected":false},"author":4,"featured_media":11366,"comment_status":"closed","ping_status":"open","sticky":false,"template":"","format":"standard","meta":{"_bbp_topic_count":0,"_bbp_reply_count":0,"_bbp_total_topic_count":0,"_bbp_total_reply_count":0,"_bbp_voice_count":0,"_bbp_anonymous_reply_count":0,"_bbp_topic_count_hidden":0,"_bbp_reply_count_hidden":0,"_bbp_forum_subforum_count":0,"footnotes":""},"categories":[21,7,10,12,14,40,41,1,4,39,75],"tags":[],"class_list":["post-11365","post","type-post","status-publish","format-standard","has-post-thumbnail","hentry","category-activitats-generals","category-ampa","category-cicle-inicial","category-cicle-mitja","category-cicle-superior","category-infantil","category-primaria","category-general","category-portada","category-religio","category-telegram"],"post_mailing_queue_ids":[],"_links":{"self":[{"href":"https:\/\/agora.xtec.cat\/ceipalbirka\/wp-json\/wp\/v2\/posts\/11365","targetHints":{"allow":["GET"]}}],"collection":[{"href":"https:\/\/agora.xtec.cat\/ceipalbirka\/wp-json\/wp\/v2\/posts"}],"about":[{"href":"https:\/\/agora.xtec.cat\/ceipalbirka\/wp-json\/wp\/v2\/types\/post"}],"author":[{"embeddable":true,"href":"https:\/\/agora.xtec.cat\/ceipalbirka\/wp-json\/wp\/v2\/users\/4"}],"replies":[{"embeddable":true,"href":"https:\/\/agora.xtec.cat\/ceipalbirka\/wp-json\/wp\/v2\/comments?post=11365"}],"version-history":[{"count":1,"href":"https:\/\/agora.xtec.cat\/ceipalbirka\/wp-json\/wp\/v2\/posts\/11365\/revisions"}],"predecessor-version":[{"id":11367,"href":"https:\/\/agora.xtec.cat\/ceipalbirka\/wp-json\/wp\/v2\/posts\/11365\/revisions\/11367"}],"wp:featuredmedia":[{"embeddable":true,"href":"https:\/\/agora.xtec.cat\/ceipalbirka\/wp-json\/wp\/v2\/media\/11366"}],"wp:attachment":[{"href":"https:\/\/agora.xtec.cat\/ceipalbirka\/wp-json\/wp\/v2\/media?parent=11365"}],"wp:term":[{"taxonomy":"category","embeddable":true,"href":"https:\/\/agora.xtec.cat\/ceipalbirka\/wp-json\/wp\/v2\/categories?post=11365"},{"taxonomy":"post_tag","embeddable":true,"href":"https:\/\/agora.xtec.cat\/ceipalbirka\/wp-json\/wp\/v2\/tags?post=11365"}],"curies":[{"name":"wp","href":"https:\/\/api.w.org\/{rel}","templated":true}]}}