{"id":11350,"date":"2025-12-18T10:30:11","date_gmt":"2025-12-18T09:30:11","guid":{"rendered":"https:\/\/agora.xtec.cat\/ceipalbirka\/?p=11350"},"modified":"2025-12-18T10:30:11","modified_gmt":"2025-12-18T09:30:11","slug":"albirka-amb-la-marato-escola","status":"publish","type":"post","link":"https:\/\/agora.xtec.cat\/ceipalbirka\/general\/albirka-amb-la-marato-escola\/","title":{"rendered":"Albirka amb la Marat\u00f3! (ESCOLA)"},"content":{"rendered":"<p style=\"text-align: justify;\">L&#8217;escola Albirka, de nou, col\u00b7labora amb la Marat\u00f3 3CAT per la investigaci\u00f3 contra el c\u00e0ncer. Enguany l&#8217;alumnat hem fet unes xapes solid\u00e0ries que hem venut a l&#8217;entrada de l&#8217;escola. Estem molt satisfets ja que hi ha hagut una major recaptaci\u00f3 envers l&#8217;any passat, i a les fam\u00edlies els ha agradat molt!!!<\/p>\n<p style=\"text-align: justify;\">Gr\u00e0cies a tots i totes per la vostra col\u00b7laboraci\u00f3!!<\/p>\n<p style=\"text-align: justify;\"><a href=\"https:\/\/agora.xtec.cat\/ceipalbirka\/general\/fotografies-marato-albirka\/\">Us deixem AQU\u00cd un recull d&#8217;algunes imatges!!!<\/a><\/p>\n","protected":false},"excerpt":{"rendered":"<p>L&#8217;escola Albirka, de nou, col\u00b7labora amb la Marat\u00f3 3CAT per la investigaci\u00f3 contra el c\u00e0ncer. Enguany l&#8217;alumnat hem fet unes xapes solid\u00e0ries que hem venut a l&#8217;entrada de l&#8217;escola. Estem molt satisfets ja que hi ha hagut una major recaptaci\u00f3 envers l&#8217;any passat, i a&hellip;  <a href=\"https:\/\/agora.xtec.cat\/ceipalbirka\/general\/albirka-amb-la-marato-escola\/\" title=\"Read Albirka amb la Marat\u00f3! (ESCOLA)\">Llegeix m\u00e9s\u00bb<\/a><\/p>\n","protected":false},"author":4,"featured_media":11351,"comment_status":"closed","ping_status":"open","sticky":false,"template":"","format":"standard","meta":{"_bbp_topic_count":0,"_bbp_reply_count":0,"_bbp_total_topic_count":0,"_bbp_total_reply_count":0,"_bbp_voice_count":0,"_bbp_anonymous_reply_count":0,"_bbp_topic_count_hidden":0,"_bbp_reply_count_hidden":0,"_bbp_forum_subforum_count":0,"footnotes":""},"categories":[21,7,10,12,14,40,41,1,4,75],"tags":[],"class_list":["post-11350","post","type-post","status-publish","format-standard","has-post-thumbnail","hentry","category-activitats-generals","category-ampa","category-cicle-inicial","category-cicle-mitja","category-cicle-superior","category-infantil","category-primaria","category-general","category-portada","category-telegram"],"post_mailing_queue_ids":[],"_links":{"self":[{"href":"https:\/\/agora.xtec.cat\/ceipalbirka\/wp-json\/wp\/v2\/posts\/11350","targetHints":{"allow":["GET"]}}],"collection":[{"href":"https:\/\/agora.xtec.cat\/ceipalbirka\/wp-json\/wp\/v2\/posts"}],"about":[{"href":"https:\/\/agora.xtec.cat\/ceipalbirka\/wp-json\/wp\/v2\/types\/post"}],"author":[{"embeddable":true,"href":"https:\/\/agora.xtec.cat\/ceipalbirka\/wp-json\/wp\/v2\/users\/4"}],"replies":[{"embeddable":true,"href":"https:\/\/agora.xtec.cat\/ceipalbirka\/wp-json\/wp\/v2\/comments?post=11350"}],"version-history":[{"count":1,"href":"https:\/\/agora.xtec.cat\/ceipalbirka\/wp-json\/wp\/v2\/posts\/11350\/revisions"}],"predecessor-version":[{"id":11352,"href":"https:\/\/agora.xtec.cat\/ceipalbirka\/wp-json\/wp\/v2\/posts\/11350\/revisions\/11352"}],"wp:featuredmedia":[{"embeddable":true,"href":"https:\/\/agora.xtec.cat\/ceipalbirka\/wp-json\/wp\/v2\/media\/11351"}],"wp:attachment":[{"href":"https:\/\/agora.xtec.cat\/ceipalbirka\/wp-json\/wp\/v2\/media?parent=11350"}],"wp:term":[{"taxonomy":"category","embeddable":true,"href":"https:\/\/agora.xtec.cat\/ceipalbirka\/wp-json\/wp\/v2\/categories?post=11350"},{"taxonomy":"post_tag","embeddable":true,"href":"https:\/\/agora.xtec.cat\/ceipalbirka\/wp-json\/wp\/v2\/tags?post=11350"}],"curies":[{"name":"wp","href":"https:\/\/api.w.org\/{rel}","templated":true}]}}