{"id":11314,"date":"2025-12-17T12:05:23","date_gmt":"2025-12-17T11:05:23","guid":{"rendered":"https:\/\/agora.xtec.cat\/ceipalbirka\/?p=11314"},"modified":"2025-12-17T12:05:23","modified_gmt":"2025-12-17T11:05:23","slug":"aniversaris-ci","status":"publish","type":"post","link":"https:\/\/agora.xtec.cat\/ceipalbirka\/general\/aniversaris-ci\/","title":{"rendered":"ANIVERSARIS (CI)"},"content":{"rendered":"<p>ELS ANIVERSARIS DE L\u2019ESCOLA<\/p>\n<p style=\"text-align: justify;\">A l\u2019escola Albirka, un gest senzill fa cr\u00e9ixer la il\u00b7lusi\u00f3: cada dia anunciem al tauler d\u2019entrada els aniversaris de totes i tots!<br \/>\nAquest curs hem posat en marxa una nova iniciativa \u00a0per fer que els aniversaris siguin encara m\u00e9s especials.<\/p>\n<p style=\"text-align: justify;\">Cada mat\u00ed, els nens i nenes de cicle inicial ens sentim molt importants perqu\u00e8 s\u00f3n els encarregats d\u2019enganxar les fotografies al tauler i d\u2019 escriure els noms a sota. D\u2019aquesta manera podem compartir l\u2019alegria dels protagonistes amb tota la comunitat educativa.<\/p>\n<p><a href=\"https:\/\/agora.xtec.cat\/ceipalbirka\/general\/fotografies-aniversaris-ci\/\">CLIQUEU AQU\u00cd PER PODER VEURE LES FOTOGRAFIES!!<\/a><\/p>\n","protected":false},"excerpt":{"rendered":"<p>ELS ANIVERSARIS DE L\u2019ESCOLA<br \/>\nA l\u2019escola Albirka, un gest senzill fa cr\u00e9ixer la il\u00b7lusi\u00f3: cada dia anunciem al tauler d\u2019entrada els aniversaris de totes i tots!<br \/>\nAquest curs hem posat en marxa una nova iniciativa \u00a0per fer que els aniversaris siguin encara m\u00e9s especials.<br \/>\nCada mat\u00ed, els nens&hellip;  <a href=\"https:\/\/agora.xtec.cat\/ceipalbirka\/general\/aniversaris-ci\/\" title=\"Read ANIVERSARIS (CI)\">Llegeix m\u00e9s\u00bb<\/a><\/p>\n","protected":false},"author":4,"featured_media":11315,"comment_status":"closed","ping_status":"open","sticky":false,"template":"","format":"standard","meta":{"_bbp_topic_count":0,"_bbp_reply_count":0,"_bbp_total_topic_count":0,"_bbp_total_reply_count":0,"_bbp_voice_count":0,"_bbp_anonymous_reply_count":0,"_bbp_topic_count_hidden":0,"_bbp_reply_count_hidden":0,"_bbp_forum_subforum_count":0,"footnotes":""},"categories":[21,10,41,1,4,75],"tags":[],"class_list":["post-11314","post","type-post","status-publish","format-standard","has-post-thumbnail","hentry","category-activitats-generals","category-cicle-inicial","category-primaria","category-general","category-portada","category-telegram"],"post_mailing_queue_ids":[],"_links":{"self":[{"href":"https:\/\/agora.xtec.cat\/ceipalbirka\/wp-json\/wp\/v2\/posts\/11314","targetHints":{"allow":["GET"]}}],"collection":[{"href":"https:\/\/agora.xtec.cat\/ceipalbirka\/wp-json\/wp\/v2\/posts"}],"about":[{"href":"https:\/\/agora.xtec.cat\/ceipalbirka\/wp-json\/wp\/v2\/types\/post"}],"author":[{"embeddable":true,"href":"https:\/\/agora.xtec.cat\/ceipalbirka\/wp-json\/wp\/v2\/users\/4"}],"replies":[{"embeddable":true,"href":"https:\/\/agora.xtec.cat\/ceipalbirka\/wp-json\/wp\/v2\/comments?post=11314"}],"version-history":[{"count":1,"href":"https:\/\/agora.xtec.cat\/ceipalbirka\/wp-json\/wp\/v2\/posts\/11314\/revisions"}],"predecessor-version":[{"id":11316,"href":"https:\/\/agora.xtec.cat\/ceipalbirka\/wp-json\/wp\/v2\/posts\/11314\/revisions\/11316"}],"wp:featuredmedia":[{"embeddable":true,"href":"https:\/\/agora.xtec.cat\/ceipalbirka\/wp-json\/wp\/v2\/media\/11315"}],"wp:attachment":[{"href":"https:\/\/agora.xtec.cat\/ceipalbirka\/wp-json\/wp\/v2\/media?parent=11314"}],"wp:term":[{"taxonomy":"category","embeddable":true,"href":"https:\/\/agora.xtec.cat\/ceipalbirka\/wp-json\/wp\/v2\/categories?post=11314"},{"taxonomy":"post_tag","embeddable":true,"href":"https:\/\/agora.xtec.cat\/ceipalbirka\/wp-json\/wp\/v2\/tags?post=11314"}],"curies":[{"name":"wp","href":"https:\/\/api.w.org\/{rel}","templated":true}]}}