{"id":11309,"date":"2025-12-17T11:58:44","date_gmt":"2025-12-17T10:58:44","guid":{"rendered":"https:\/\/agora.xtec.cat\/ceipalbirka\/?p=11309"},"modified":"2026-01-19T11:53:08","modified_gmt":"2026-01-19T10:53:08","slug":"setmana-del-svb-a-lescola-ci","status":"publish","type":"post","link":"https:\/\/agora.xtec.cat\/ceipalbirka\/general\/setmana-del-svb-a-lescola-ci\/","title":{"rendered":"Setmana del SVB a l\u2019escola (CI)"},"content":{"rendered":"<p style=\"text-align: justify;\"><strong>Setmana del Suport Vital B\u00e0sic (SVB) a l\u2019escola<\/strong><\/p>\n<p style=\"text-align: justify;\">La setmana del 10 al 14 de novembre es va realitzar diverses activitats per con\u00e8ixer i practicar el <strong>Suport Vital B\u00e0sic (SVB)<\/strong>, una eina essencial per saber com actuar davant d\u2019una emerg\u00e8ncia. L\u2019alumnat va aprendre com recon\u00e8ixer una situaci\u00f3 de risc, avisar correctament el 112 (RCP) i la seva adre\u00e7a.<\/p>\n<p style=\"text-align: justify;\">Mitjan\u00e7ant tallers pr\u00e0ctics, algun v\u00eddeo i demostracions a trav\u00e9s d\u2019una petita representaci\u00f3 teatral, els infants van descobrir que tots podem ajudar a salvar vides, fins i tot amb passos molt senzills. Tamb\u00e9 vam parlar de la import\u00e0ncia dels desfibril\u00b7ladors (DEA) i la seva ubicaci\u00f3 al nostre poble.<\/p>\n<p style=\"text-align: justify;\">Va ser una experi\u00e8ncia molt enriquidora que fomenta la responsabilitat, la solidaritat i la seguretat de tots.<\/p>\n<p><a href=\"https:\/\/agora.xtec.cat\/ceipalbirka\/general\/fotografies-svb-ci\/\">CLIQUEU AQU\u00cd PER VEURE LES FOTOGRAFIES!!<\/a><\/p>\n","protected":false},"excerpt":{"rendered":"<p>Setmana del Suport Vital B\u00e0sic (SVB) a l\u2019escola<br \/>\nLa setmana del 10 al 14 de novembre es va realitzar diverses activitats per con\u00e8ixer i practicar el Suport Vital B\u00e0sic (SVB), una eina essencial per saber com actuar davant d\u2019una emerg\u00e8ncia. L\u2019alumnat va aprendre com recon\u00e8ixer una&hellip;  <a href=\"https:\/\/agora.xtec.cat\/ceipalbirka\/general\/setmana-del-svb-a-lescola-ci\/\" title=\"Read Setmana del SVB a l\u2019escola (CI)\">Llegeix m\u00e9s\u00bb<\/a><\/p>\n","protected":false},"author":4,"featured_media":11310,"comment_status":"closed","ping_status":"open","sticky":false,"template":"","format":"standard","meta":{"_bbp_topic_count":0,"_bbp_reply_count":0,"_bbp_total_topic_count":0,"_bbp_total_reply_count":0,"_bbp_voice_count":0,"_bbp_anonymous_reply_count":0,"_bbp_topic_count_hidden":0,"_bbp_reply_count_hidden":0,"_bbp_forum_subforum_count":0,"footnotes":""},"categories":[21,10,41,35,1,4,75],"tags":[],"class_list":["post-11309","post","type-post","status-publish","format-standard","has-post-thumbnail","hentry","category-activitats-generals","category-cicle-inicial","category-primaria","category-educacio-fisica","category-general","category-portada","category-telegram"],"post_mailing_queue_ids":[],"_links":{"self":[{"href":"https:\/\/agora.xtec.cat\/ceipalbirka\/wp-json\/wp\/v2\/posts\/11309","targetHints":{"allow":["GET"]}}],"collection":[{"href":"https:\/\/agora.xtec.cat\/ceipalbirka\/wp-json\/wp\/v2\/posts"}],"about":[{"href":"https:\/\/agora.xtec.cat\/ceipalbirka\/wp-json\/wp\/v2\/types\/post"}],"author":[{"embeddable":true,"href":"https:\/\/agora.xtec.cat\/ceipalbirka\/wp-json\/wp\/v2\/users\/4"}],"replies":[{"embeddable":true,"href":"https:\/\/agora.xtec.cat\/ceipalbirka\/wp-json\/wp\/v2\/comments?post=11309"}],"version-history":[{"count":2,"href":"https:\/\/agora.xtec.cat\/ceipalbirka\/wp-json\/wp\/v2\/posts\/11309\/revisions"}],"predecessor-version":[{"id":11372,"href":"https:\/\/agora.xtec.cat\/ceipalbirka\/wp-json\/wp\/v2\/posts\/11309\/revisions\/11372"}],"wp:featuredmedia":[{"embeddable":true,"href":"https:\/\/agora.xtec.cat\/ceipalbirka\/wp-json\/wp\/v2\/media\/11310"}],"wp:attachment":[{"href":"https:\/\/agora.xtec.cat\/ceipalbirka\/wp-json\/wp\/v2\/media?parent=11309"}],"wp:term":[{"taxonomy":"category","embeddable":true,"href":"https:\/\/agora.xtec.cat\/ceipalbirka\/wp-json\/wp\/v2\/categories?post=11309"},{"taxonomy":"post_tag","embeddable":true,"href":"https:\/\/agora.xtec.cat\/ceipalbirka\/wp-json\/wp\/v2\/tags?post=11309"}],"curies":[{"name":"wp","href":"https:\/\/api.w.org\/{rel}","templated":true}]}}