{"id":11303,"date":"2025-12-15T12:31:45","date_gmt":"2025-12-15T11:31:45","guid":{"rendered":"https:\/\/agora.xtec.cat\/ceipalbirka\/?p=11303"},"modified":"2025-12-15T12:31:45","modified_gmt":"2025-12-15T11:31:45","slug":"visita-a-la-deixalleria-ei-ci-cm","status":"publish","type":"post","link":"https:\/\/agora.xtec.cat\/ceipalbirka\/general\/visita-a-la-deixalleria-ei-ci-cm\/","title":{"rendered":"Visita a la deixalleria (EI\/CI\/CM)"},"content":{"rendered":"<p style=\"text-align: justify;\"><span style=\"font-family: Arial, sans-serif;\"><span style=\"font-size: large;\">Durant els dies 25 i 26 de novembre, en el marc de la Setmana Europea de Prevenci\u00f3 de Residus i despr\u00e9s de fer un treball de sensibilitzaci\u00f3 a l\u2019escola, l\u2019alumnat va visitar la deixalleria m\u00f2bil d\u2019Arbeca per tal de reciclar els aparells el\u00e8ctrics espatllats.<\/span><\/span><\/p>\n<p><a href=\"https:\/\/agora.xtec.cat\/ceipalbirka\/general\/fotografies-deixalleria-ei-ci-cm\/\">Cliqueu AQU\u00cd per poder veure les fotografies!!!<\/a><\/p>\n","protected":false},"excerpt":{"rendered":"<p>Durant els dies 25 i 26 de novembre, en el marc de la Setmana Europea de Prevenci\u00f3 de Residus i despr\u00e9s de fer un treball de sensibilitzaci\u00f3 a l\u2019escola, l\u2019alumnat va visitar la deixalleria m\u00f2bil d\u2019Arbeca per tal de reciclar els aparells el\u00e8ctrics espatllats.<br \/>\n<a href=\"https:\/\/agora.xtec.cat\/ceipalbirka\/general\/fotografies-deixalleria-ei-ci-cm\/\">Cliqueu&hellip;  <a href=\"https:\/\/agora.xtec.cat\/ceipalbirka\/general\/visita-a-la-deixalleria-ei-ci-cm\/\" title=\"Read Visita a la deixalleria (EI\/CI\/CM)\">Llegeix m\u00e9s\u00bb<\/a><\/p>\n","protected":false},"author":4,"featured_media":11304,"comment_status":"closed","ping_status":"open","sticky":false,"template":"","format":"standard","meta":{"_bbp_topic_count":0,"_bbp_reply_count":0,"_bbp_total_topic_count":0,"_bbp_total_reply_count":0,"_bbp_voice_count":0,"_bbp_anonymous_reply_count":0,"_bbp_topic_count_hidden":0,"_bbp_reply_count_hidden":0,"_bbp_forum_subforum_count":0,"footnotes":""},"categories":[21,10,12,40,41,1,4,27,75],"tags":[],"class_list":["post-11303","post","type-post","status-publish","format-standard","has-post-thumbnail","hentry","category-activitats-generals","category-cicle-inicial","category-cicle-mitja","category-infantil","category-primaria","category-general","category-portada","category-el-raco-verd","category-telegram"],"post_mailing_queue_ids":[],"_links":{"self":[{"href":"https:\/\/agora.xtec.cat\/ceipalbirka\/wp-json\/wp\/v2\/posts\/11303","targetHints":{"allow":["GET"]}}],"collection":[{"href":"https:\/\/agora.xtec.cat\/ceipalbirka\/wp-json\/wp\/v2\/posts"}],"about":[{"href":"https:\/\/agora.xtec.cat\/ceipalbirka\/wp-json\/wp\/v2\/types\/post"}],"author":[{"embeddable":true,"href":"https:\/\/agora.xtec.cat\/ceipalbirka\/wp-json\/wp\/v2\/users\/4"}],"replies":[{"embeddable":true,"href":"https:\/\/agora.xtec.cat\/ceipalbirka\/wp-json\/wp\/v2\/comments?post=11303"}],"version-history":[{"count":1,"href":"https:\/\/agora.xtec.cat\/ceipalbirka\/wp-json\/wp\/v2\/posts\/11303\/revisions"}],"predecessor-version":[{"id":11305,"href":"https:\/\/agora.xtec.cat\/ceipalbirka\/wp-json\/wp\/v2\/posts\/11303\/revisions\/11305"}],"wp:featuredmedia":[{"embeddable":true,"href":"https:\/\/agora.xtec.cat\/ceipalbirka\/wp-json\/wp\/v2\/media\/11304"}],"wp:attachment":[{"href":"https:\/\/agora.xtec.cat\/ceipalbirka\/wp-json\/wp\/v2\/media?parent=11303"}],"wp:term":[{"taxonomy":"category","embeddable":true,"href":"https:\/\/agora.xtec.cat\/ceipalbirka\/wp-json\/wp\/v2\/categories?post=11303"},{"taxonomy":"post_tag","embeddable":true,"href":"https:\/\/agora.xtec.cat\/ceipalbirka\/wp-json\/wp\/v2\/tags?post=11303"}],"curies":[{"name":"wp","href":"https:\/\/api.w.org\/{rel}","templated":true}]}}