{"id":11252,"date":"2025-12-01T10:03:52","date_gmt":"2025-12-01T09:03:52","guid":{"rendered":"https:\/\/agora.xtec.cat\/ceipalbirka\/?p=11252"},"modified":"2025-12-01T10:03:52","modified_gmt":"2025-12-01T09:03:52","slug":"tv-albirka-3-cm","status":"publish","type":"post","link":"https:\/\/agora.xtec.cat\/ceipalbirka\/general\/tv-albirka-3-cm\/","title":{"rendered":"TV ALBIRKA 3 (CM)"},"content":{"rendered":"<p data-start=\"74\" data-end=\"272\">L\u2019alumnat de 6\u00e8 ja ha gravat el <strong data-start=\"106\" data-end=\"143\">tercer programa de la TV Albirka!<\/strong> Despr\u00e9s dels dos primers telenot\u00edcies, continuem aprenent i millorant per explicar-vos noves activitats i projectes de l\u2019escola.<\/p>\n<p data-start=\"274\" data-end=\"519\">En aquest programa, ens llegeixen les not\u00edcies l&#8217;alumnat de 4t. Des del SEP digital seguim avan\u00e7ant amb les eines d\u2019edici\u00f3: afegim t\u00edtols, m\u00fasica i nous efectes que fan els v\u00eddeos m\u00e9s din\u00e0mics i professionals.<\/p>\n<p data-start=\"521\" data-end=\"664\">Cada vegada ens sentim m\u00e9s segurs i orgullosos del resultat. Fer televisi\u00f3 ens ajuda a comunicar-nos millor, ser creatius i treballar en equip.<\/p>\n<p data-start=\"666\" data-end=\"775\">Us convidem a veure el <strong data-start=\"689\" data-end=\"708\">tercer programa<\/strong>!<br data-start=\"709\" data-end=\"712\" \/>Benvinguts i benvingudes a un nou cap\u00edtol de la TV Albirka! \ud83c\udfa5\u2728<\/p>\n<p data-start=\"777\" data-end=\"838\" data-is-last-node=\"\" data-is-only-node=\"\">Cliqueu a la imatge per veure els v\u00eddeos del tercer programa!<\/p>\n<p data-start=\"777\" data-end=\"838\" data-is-last-node=\"\" data-is-only-node=\"\"><a href=\"https:\/\/agora.xtec.cat\/ceipalbirka\/general\/video-tv-albirka-3\/\"><img loading=\"lazy\" decoding=\"async\" class=\"aligncenter size-full wp-image-11233\" src=\"https:\/\/agora.xtec.cat\/ceipalbirka\/wp-content\/uploads\/usu298\/2025\/11\/22-09-2018-telenoticies-cap-de-setmana-migdia-22-09-2018.jpg\" alt=\"\" width=\"326\" height=\"184\" srcset=\"https:\/\/agora.xtec.cat\/ceipalbirka\/wp-content\/uploads\/usu298\/2025\/11\/22-09-2018-telenoticies-cap-de-setmana-migdia-22-09-2018.jpg 326w, https:\/\/agora.xtec.cat\/ceipalbirka\/wp-content\/uploads\/usu298\/2025\/11\/22-09-2018-telenoticies-cap-de-setmana-migdia-22-09-2018-300x169.jpg 300w\" sizes=\"auto, (max-width: 326px) 100vw, 326px\" \/><\/a><\/p>\n","protected":false},"excerpt":{"rendered":"<p>L\u2019alumnat de 6\u00e8 ja ha gravat el tercer programa de la TV Albirka! Despr\u00e9s dels dos primers telenot\u00edcies, continuem aprenent i millorant per explicar-vos noves activitats i projectes de l\u2019escola.<br \/>\nEn aquest programa, ens llegeixen les not\u00edcies l&#8217;alumnat de 4t. Des del SEP digital seguim avan\u00e7ant&hellip;  <a href=\"https:\/\/agora.xtec.cat\/ceipalbirka\/general\/tv-albirka-3-cm\/\" title=\"Read TV ALBIRKA 3 (CM)\">Llegeix m\u00e9s\u00bb<\/a><\/p>\n","protected":false},"author":4,"featured_media":10353,"comment_status":"closed","ping_status":"open","sticky":false,"template":"","format":"standard","meta":{"_bbp_topic_count":0,"_bbp_reply_count":0,"_bbp_total_topic_count":0,"_bbp_total_reply_count":0,"_bbp_voice_count":0,"_bbp_anonymous_reply_count":0,"_bbp_topic_count_hidden":0,"_bbp_reply_count_hidden":0,"_bbp_forum_subforum_count":0,"footnotes":""},"categories":[21,10,12,14,41,1,25,4,75],"tags":[],"class_list":["post-11252","post","type-post","status-publish","format-standard","has-post-thumbnail","hentry","category-activitats-generals","category-cicle-inicial","category-cicle-mitja","category-cicle-superior","category-primaria","category-general","category-informacions","category-portada","category-telegram"],"post_mailing_queue_ids":[],"_links":{"self":[{"href":"https:\/\/agora.xtec.cat\/ceipalbirka\/wp-json\/wp\/v2\/posts\/11252","targetHints":{"allow":["GET"]}}],"collection":[{"href":"https:\/\/agora.xtec.cat\/ceipalbirka\/wp-json\/wp\/v2\/posts"}],"about":[{"href":"https:\/\/agora.xtec.cat\/ceipalbirka\/wp-json\/wp\/v2\/types\/post"}],"author":[{"embeddable":true,"href":"https:\/\/agora.xtec.cat\/ceipalbirka\/wp-json\/wp\/v2\/users\/4"}],"replies":[{"embeddable":true,"href":"https:\/\/agora.xtec.cat\/ceipalbirka\/wp-json\/wp\/v2\/comments?post=11252"}],"version-history":[{"count":1,"href":"https:\/\/agora.xtec.cat\/ceipalbirka\/wp-json\/wp\/v2\/posts\/11252\/revisions"}],"predecessor-version":[{"id":11253,"href":"https:\/\/agora.xtec.cat\/ceipalbirka\/wp-json\/wp\/v2\/posts\/11252\/revisions\/11253"}],"wp:featuredmedia":[{"embeddable":true,"href":"https:\/\/agora.xtec.cat\/ceipalbirka\/wp-json\/wp\/v2\/media\/10353"}],"wp:attachment":[{"href":"https:\/\/agora.xtec.cat\/ceipalbirka\/wp-json\/wp\/v2\/media?parent=11252"}],"wp:term":[{"taxonomy":"category","embeddable":true,"href":"https:\/\/agora.xtec.cat\/ceipalbirka\/wp-json\/wp\/v2\/categories?post=11252"},{"taxonomy":"post_tag","embeddable":true,"href":"https:\/\/agora.xtec.cat\/ceipalbirka\/wp-json\/wp\/v2\/tags?post=11252"}],"curies":[{"name":"wp","href":"https:\/\/api.w.org\/{rel}","templated":true}]}}