{"id":11223,"date":"2025-11-10T09:58:05","date_gmt":"2025-11-10T08:58:05","guid":{"rendered":"https:\/\/agora.xtec.cat\/ceipalbirka\/?p=11223"},"modified":"2025-11-10T09:58:05","modified_gmt":"2025-11-10T08:58:05","slug":"%f0%9f%95%b7%ef%b8%8fspiderman-challenge-albirka-2025","status":"publish","type":"post","link":"https:\/\/agora.xtec.cat\/ceipalbirka\/general\/%f0%9f%95%b7%ef%b8%8fspiderman-challenge-albirka-2025\/","title":{"rendered":"\ud83d\udd77\ufe0fSpiderman Challenge Albirka 2025!"},"content":{"rendered":"<p style=\"text-align: justify;\" data-start=\"149\" data-end=\"426\"><strong>\ud83d\udd77\ufe0f Gran \u00e8xit a l\u2019Spiderman Challenge Albirka 2025!<\/strong><\/p>\n<p style=\"text-align: justify;\" data-start=\"149\" data-end=\"426\">La setmana passada vam viure una jornada plena d\u2019emoci\u00f3, adrenalina i molt bon ambient amb l\u2019esperada competici\u00f3 <strong data-start=\"262\" data-end=\"293\">Spiderman Challenge Albirka<\/strong>, un circuit d\u2019agilitat ple d\u2019obstacles on els alumnes de Prim\u00e0ria van demostrar les seves habilitats, rapidesa i esperit esportiu.<\/p>\n<p style=\"text-align: justify;\" data-start=\"428\" data-end=\"665\">Aquesta activitat, que ja s\u2019ha convertit en una tradici\u00f3 a la nostra escola, reuneix els millors classificats de les classes d\u2019Educaci\u00f3 F\u00edsica per competir en un entorn que promou la <strong data-start=\"611\" data-end=\"662\">sana competici\u00f3, el respecte i el companyerisme<\/strong>.<\/p>\n<p style=\"text-align: justify;\" data-start=\"667\" data-end=\"952\">Els participants van estar molt motivats i van donar el millor de si mateixos en cada repte del circuit, animats pels seus companys i mestres. La <strong data-start=\"813\" data-end=\"849\">il\u00b7lusi\u00f3, l\u2019esfor\u00e7 i la diversi\u00f3<\/strong> van ser protagonistes durant tot l\u2019esdeveniment, que va deixar moments d\u2019aut\u00e8ntica espectacularitat.<\/p>\n<p style=\"text-align: justify;\" data-start=\"954\" data-end=\"1188\">\ud83c\udf89 <strong data-start=\"957\" data-end=\"986\">Podi de guanyadores 2025:<\/strong><br data-start=\"986\" data-end=\"989\" \/>\ud83e\udd47 <strong data-start=\"992\" data-end=\"1004\">Rut (6\u00e8)<\/strong> \u2013 Primera classificada amb una actuaci\u00f3 impecable! La rut ha guanyat la competici\u00f3 3 anys seguits, \u00e9s incre\u00efble!!<br data-start=\"1055\" data-end=\"1058\" \/>\ud83e\udd48 <strong data-start=\"1061\" data-end=\"1073\">Ona (6\u00e8)<\/strong> \u2013 Segona posici\u00f3 amb una gran demostraci\u00f3 d\u2019agilitat i velocitat!<br data-start=\"1127\" data-end=\"1130\" \/>\ud83e\udd49 <strong data-start=\"1133\" data-end=\"1147\">Irene (6\u00e8)<\/strong> \u2013 Tercer lloc amb un temps excel\u00b7lent!<\/p>\n<p style=\"text-align: justify;\" data-start=\"1190\" data-end=\"1390\">Des de l\u2019escola volem felicitar no nom\u00e9s les guanyadores, sin\u00f3 <strong data-start=\"1253\" data-end=\"1278\">tots els participants<\/strong> per la seva implicaci\u00f3 i entusiasme. Gr\u00e0cies a tots els que heu fet possible aquesta competici\u00f3 tan especial.<\/p>\n<p style=\"text-align: justify;\" data-start=\"1392\" data-end=\"1443\">\ud83d\udcaa Ja esperem amb moltes ganes la pr\u00f2xima edici\u00f3!<\/p>\n<p data-start=\"1392\" data-end=\"1443\">Cliqueu a la imatge per veure les fotografies!!!<\/p>\n<p data-start=\"1392\" data-end=\"1443\"><a href=\"https:\/\/agora.xtec.cat\/ceipalbirka\/general\/fotografies-spider-man-challenge\/\"><img loading=\"lazy\" decoding=\"async\" class=\"aligncenter  wp-image-11224\" src=\"https:\/\/agora.xtec.cat\/ceipalbirka\/wp-content\/uploads\/usu298\/2025\/11\/a371d0da1497ed29db090f69bb767782.jpg\" alt=\"\" width=\"193\" height=\"193\" srcset=\"https:\/\/agora.xtec.cat\/ceipalbirka\/wp-content\/uploads\/usu298\/2025\/11\/a371d0da1497ed29db090f69bb767782.jpg 500w, https:\/\/agora.xtec.cat\/ceipalbirka\/wp-content\/uploads\/usu298\/2025\/11\/a371d0da1497ed29db090f69bb767782-300x300.jpg 300w, https:\/\/agora.xtec.cat\/ceipalbirka\/wp-content\/uploads\/usu298\/2025\/11\/a371d0da1497ed29db090f69bb767782-150x150.jpg 150w\" sizes=\"auto, (max-width: 193px) 100vw, 193px\" \/><\/a><\/p>\n","protected":false},"excerpt":{"rendered":"<p>\ud83d\udd77\ufe0f Gran \u00e8xit a l\u2019Spiderman Challenge Albirka 2025!<br \/>\nLa setmana passada vam viure una jornada plena d\u2019emoci\u00f3, adrenalina i molt bon ambient amb l\u2019esperada competici\u00f3 Spiderman Challenge Albirka, un circuit d\u2019agilitat ple d\u2019obstacles on els alumnes de Prim\u00e0ria van demostrar les seves habilitats, rapidesa i esperit&hellip;  <a href=\"https:\/\/agora.xtec.cat\/ceipalbirka\/general\/%f0%9f%95%b7%ef%b8%8fspiderman-challenge-albirka-2025\/\" title=\"Read \ud83d\udd77\ufe0fSpiderman Challenge Albirka 2025!\">Llegeix m\u00e9s\u00bb<\/a><\/p>\n","protected":false},"author":4,"featured_media":11225,"comment_status":"closed","ping_status":"open","sticky":false,"template":"","format":"standard","meta":{"_bbp_topic_count":0,"_bbp_reply_count":0,"_bbp_total_topic_count":0,"_bbp_total_reply_count":0,"_bbp_voice_count":0,"_bbp_anonymous_reply_count":0,"_bbp_topic_count_hidden":0,"_bbp_reply_count_hidden":0,"_bbp_forum_subforum_count":0,"footnotes":""},"categories":[21,10,12,14,41,35,1,4,75],"tags":[],"class_list":["post-11223","post","type-post","status-publish","format-standard","has-post-thumbnail","hentry","category-activitats-generals","category-cicle-inicial","category-cicle-mitja","category-cicle-superior","category-primaria","category-educacio-fisica","category-general","category-portada","category-telegram"],"post_mailing_queue_ids":[],"_links":{"self":[{"href":"https:\/\/agora.xtec.cat\/ceipalbirka\/wp-json\/wp\/v2\/posts\/11223","targetHints":{"allow":["GET"]}}],"collection":[{"href":"https:\/\/agora.xtec.cat\/ceipalbirka\/wp-json\/wp\/v2\/posts"}],"about":[{"href":"https:\/\/agora.xtec.cat\/ceipalbirka\/wp-json\/wp\/v2\/types\/post"}],"author":[{"embeddable":true,"href":"https:\/\/agora.xtec.cat\/ceipalbirka\/wp-json\/wp\/v2\/users\/4"}],"replies":[{"embeddable":true,"href":"https:\/\/agora.xtec.cat\/ceipalbirka\/wp-json\/wp\/v2\/comments?post=11223"}],"version-history":[{"count":1,"href":"https:\/\/agora.xtec.cat\/ceipalbirka\/wp-json\/wp\/v2\/posts\/11223\/revisions"}],"predecessor-version":[{"id":11226,"href":"https:\/\/agora.xtec.cat\/ceipalbirka\/wp-json\/wp\/v2\/posts\/11223\/revisions\/11226"}],"wp:featuredmedia":[{"embeddable":true,"href":"https:\/\/agora.xtec.cat\/ceipalbirka\/wp-json\/wp\/v2\/media\/11225"}],"wp:attachment":[{"href":"https:\/\/agora.xtec.cat\/ceipalbirka\/wp-json\/wp\/v2\/media?parent=11223"}],"wp:term":[{"taxonomy":"category","embeddable":true,"href":"https:\/\/agora.xtec.cat\/ceipalbirka\/wp-json\/wp\/v2\/categories?post=11223"},{"taxonomy":"post_tag","embeddable":true,"href":"https:\/\/agora.xtec.cat\/ceipalbirka\/wp-json\/wp\/v2\/tags?post=11223"}],"curies":[{"name":"wp","href":"https:\/\/api.w.org\/{rel}","templated":true}]}}