{"id":11200,"date":"2025-11-05T10:46:45","date_gmt":"2025-11-05T09:46:45","guid":{"rendered":"https:\/\/agora.xtec.cat\/ceipalbirka\/?p=11200"},"modified":"2025-11-05T10:46:58","modified_gmt":"2025-11-05T09:46:58","slug":"taller-de-comics","status":"publish","type":"post","link":"https:\/\/agora.xtec.cat\/ceipalbirka\/general\/taller-de-comics\/","title":{"rendered":"TALLER DE C\u00d2MICS (6\u00e8)"},"content":{"rendered":"<p style=\"text-align: justify;\">El passat mes d&#8217;octubre l&#8217;alumnat de 6\u00e8 vam poder gaudir d&#8217;un taller de c\u00f2mics en el que vam poder dibuixar el nostre propi &#8220;fanzine&#8221;. La tem\u00e0tica escollida va ser sobre un dia &#8220;normal&#8221; de la nostra vida.<\/p>\n<p style=\"text-align: justify;\">Vam gaudir i aprendre a parts iguals!!!<\/p>\n<p style=\"text-align: justify;\"><a href=\"https:\/\/agora.xtec.cat\/ceipalbirka\/general\/fotografies-taller-comics-6e\/\">Cliqueu AQU\u00cd si voleu veure les fotografies!!<\/a><\/p>\n","protected":false},"excerpt":{"rendered":"<p>El passat mes d&#8217;octubre l&#8217;alumnat de 6\u00e8 vam poder gaudir d&#8217;un taller de c\u00f2mics en el que vam poder dibuixar el nostre propi &#8220;fanzine&#8221;. La tem\u00e0tica escollida va ser sobre un dia &#8220;normal&#8221; de la nostra vida.<br \/>\nVam gaudir i aprendre a parts iguals!!!<br \/>\n<a href=\"https:\/\/agora.xtec.cat\/ceipalbirka\/general\/fotografies-taller-comics-6e\/\">Cliqueu AQU\u00cd&hellip;  <a href=\"https:\/\/agora.xtec.cat\/ceipalbirka\/general\/taller-de-comics\/\" title=\"Read TALLER DE C\u00d2MICS (6\u00e8)\">Llegeix m\u00e9s\u00bb<\/a><\/p>\n","protected":false},"author":4,"featured_media":11201,"comment_status":"closed","ping_status":"open","sticky":false,"template":"","format":"standard","meta":{"_bbp_topic_count":0,"_bbp_reply_count":0,"_bbp_total_topic_count":0,"_bbp_total_reply_count":0,"_bbp_voice_count":0,"_bbp_anonymous_reply_count":0,"_bbp_topic_count_hidden":0,"_bbp_reply_count_hidden":0,"_bbp_forum_subforum_count":0,"footnotes":""},"categories":[21,14,41,1,4,26,75],"tags":[],"class_list":["post-11200","post","type-post","status-publish","format-standard","has-post-thumbnail","hentry","category-activitats-generals","category-cicle-superior","category-primaria","category-general","category-portada","category-raco-literari","category-telegram"],"post_mailing_queue_ids":[],"_links":{"self":[{"href":"https:\/\/agora.xtec.cat\/ceipalbirka\/wp-json\/wp\/v2\/posts\/11200","targetHints":{"allow":["GET"]}}],"collection":[{"href":"https:\/\/agora.xtec.cat\/ceipalbirka\/wp-json\/wp\/v2\/posts"}],"about":[{"href":"https:\/\/agora.xtec.cat\/ceipalbirka\/wp-json\/wp\/v2\/types\/post"}],"author":[{"embeddable":true,"href":"https:\/\/agora.xtec.cat\/ceipalbirka\/wp-json\/wp\/v2\/users\/4"}],"replies":[{"embeddable":true,"href":"https:\/\/agora.xtec.cat\/ceipalbirka\/wp-json\/wp\/v2\/comments?post=11200"}],"version-history":[{"count":2,"href":"https:\/\/agora.xtec.cat\/ceipalbirka\/wp-json\/wp\/v2\/posts\/11200\/revisions"}],"predecessor-version":[{"id":11203,"href":"https:\/\/agora.xtec.cat\/ceipalbirka\/wp-json\/wp\/v2\/posts\/11200\/revisions\/11203"}],"wp:featuredmedia":[{"embeddable":true,"href":"https:\/\/agora.xtec.cat\/ceipalbirka\/wp-json\/wp\/v2\/media\/11201"}],"wp:attachment":[{"href":"https:\/\/agora.xtec.cat\/ceipalbirka\/wp-json\/wp\/v2\/media?parent=11200"}],"wp:term":[{"taxonomy":"category","embeddable":true,"href":"https:\/\/agora.xtec.cat\/ceipalbirka\/wp-json\/wp\/v2\/categories?post=11200"},{"taxonomy":"post_tag","embeddable":true,"href":"https:\/\/agora.xtec.cat\/ceipalbirka\/wp-json\/wp\/v2\/tags?post=11200"}],"curies":[{"name":"wp","href":"https:\/\/api.w.org\/{rel}","templated":true}]}}