{"id":11194,"date":"2025-11-03T12:59:00","date_gmt":"2025-11-03T11:59:00","guid":{"rendered":"https:\/\/agora.xtec.cat\/ceipalbirka\/?p=11194"},"modified":"2025-11-03T13:31:29","modified_gmt":"2025-11-03T12:31:29","slug":"jornades-esportives-novembre-2","status":"publish","type":"post","link":"https:\/\/agora.xtec.cat\/ceipalbirka\/general\/jornades-esportives-novembre-2\/","title":{"rendered":"JORNADES ESPORTIVES NOVEMBRE"},"content":{"rendered":"<p style=\"font-weight: 400; text-align: justify;\">Bon dia fam\u00edlies, comencem la temporada de l&#8217;esport escolar.<\/p>\n<p style=\"font-weight: 400; text-align: justify;\">Aquest mes de novembre hi haur\u00e0 una <strong>jornada d&#8217;esports d&#8217;equip a Juneda el dia 29 de novembre<\/strong>, per alumnat de prim\u00e0ria.<\/p>\n<p style=\"text-align: justify;\">Tamb\u00e9 comen\u00e7a la temporada de crossos escolars, aquest mes n&#8217;hi haur\u00e0 quatre:<\/p>\n<ul style=\"text-align: justify;\">\n<li>9 de novembre, Raimat.<\/li>\n<li>16 de novembre, T\u00e0rrega.<\/li>\n<li>23 de novembre, Solsona.<\/li>\n<li>30 de novembre, Pobla de Segur.<\/li>\n<\/ul>\n<p>Als crossos hi pot participar l&#8217;alumnat d&#8217;I3 fins a 6\u00e8.<\/p>\n<p style=\"text-align: justify;\">Us deixem l&#8217;enlla\u00e7 del formulari que heu d&#8217;omplir per poder-vos inscriure a les diferents activitats.<\/p>\n<p>Des de l&#8217;escola us animem a participar!<\/p>\n<p><a href=\"https:\/\/docs.google.com\/forms\/d\/1uN8pIlYluxccw-1yajzZH1prm2r8ahg5rkXRTonMmEQ\/edit\">Enlla\u00e7 formulari Jornades Novembre<\/a><\/p>\n<p><a href=\"https:\/\/agora.xtec.cat\/ceipalbirka\/wp-content\/uploads\/usu298\/2025\/11\/cartell-JEEC-NOVEMBRE-1.png\"><img loading=\"lazy\" decoding=\"async\" class=\"aligncenter size-large wp-image-11196\" src=\"https:\/\/agora.xtec.cat\/ceipalbirka\/wp-content\/uploads\/usu298\/2025\/11\/cartell-JEEC-NOVEMBRE-1-1024x724.png\" alt=\"\" width=\"1024\" height=\"724\" \/><\/a><\/p>\n","protected":false},"excerpt":{"rendered":"<p>Bon dia fam\u00edlies, comencem la temporada de l&#8217;esport escolar.<br \/>\nAquest mes de novembre hi haur\u00e0 una jornada d&#8217;esports d&#8217;equip a Juneda el dia 29 de novembre, per alumnat de prim\u00e0ria.<br \/>\nTamb\u00e9 comen\u00e7a la temporada de crossos escolars, aquest mes n&#8217;hi haur\u00e0 quatre:<\/p>\n<ul style=\"text-align: justify;\">\n<li>9 de novembre, Raimat.<\/li>\n<li>16&hellip;  <a href=\"https:\/\/agora.xtec.cat\/ceipalbirka\/general\/jornades-esportives-novembre-2\/\" title=\"Read JORNADES ESPORTIVES NOVEMBRE\">Llegeix m\u00e9s\u00bb<\/a><br \/>\n","protected":false},"author":4,"featured_media":10346,"comment_status":"closed","ping_status":"open","sticky":false,"template":"","format":"standard","meta":{"_bbp_topic_count":0,"_bbp_reply_count":0,"_bbp_total_topic_count":0,"_bbp_total_reply_count":0,"_bbp_voice_count":0,"_bbp_anonymous_reply_count":0,"_bbp_topic_count_hidden":0,"_bbp_reply_count_hidden":0,"_bbp_forum_subforum_count":0,"footnotes":""},"categories":[21,10,12,14,40,41,35,1,4,75],"tags":[],"class_list":["post-11194","post","type-post","status-publish","format-standard","has-post-thumbnail","hentry","category-activitats-generals","category-cicle-inicial","category-cicle-mitja","category-cicle-superior","category-infantil","category-primaria","category-educacio-fisica","category-general","category-portada","category-telegram"],"post_mailing_queue_ids":[],"_links":{"self":[{"href":"https:\/\/agora.xtec.cat\/ceipalbirka\/wp-json\/wp\/v2\/posts\/11194","targetHints":{"allow":["GET"]}}],"collection":[{"href":"https:\/\/agora.xtec.cat\/ceipalbirka\/wp-json\/wp\/v2\/posts"}],"about":[{"href":"https:\/\/agora.xtec.cat\/ceipalbirka\/wp-json\/wp\/v2\/types\/post"}],"author":[{"embeddable":true,"href":"https:\/\/agora.xtec.cat\/ceipalbirka\/wp-json\/wp\/v2\/users\/4"}],"replies":[{"embeddable":true,"href":"https:\/\/agora.xtec.cat\/ceipalbirka\/wp-json\/wp\/v2\/comments?post=11194"}],"version-history":[{"count":2,"href":"https:\/\/agora.xtec.cat\/ceipalbirka\/wp-json\/wp\/v2\/posts\/11194\/revisions"}],"predecessor-version":[{"id":11199,"href":"https:\/\/agora.xtec.cat\/ceipalbirka\/wp-json\/wp\/v2\/posts\/11194\/revisions\/11199"}],"wp:featuredmedia":[{"embeddable":true,"href":"https:\/\/agora.xtec.cat\/ceipalbirka\/wp-json\/wp\/v2\/media\/10346"}],"wp:attachment":[{"href":"https:\/\/agora.xtec.cat\/ceipalbirka\/wp-json\/wp\/v2\/media?parent=11194"}],"wp:term":[{"taxonomy":"category","embeddable":true,"href":"https:\/\/agora.xtec.cat\/ceipalbirka\/wp-json\/wp\/v2\/categories?post=11194"},{"taxonomy":"post_tag","embeddable":true,"href":"https:\/\/agora.xtec.cat\/ceipalbirka\/wp-json\/wp\/v2\/tags?post=11194"}],"curies":[{"name":"wp","href":"https:\/\/api.w.org\/{rel}","templated":true}]}}