{"id":11187,"date":"2025-11-03T11:42:24","date_gmt":"2025-11-03T10:42:24","guid":{"rendered":"https:\/\/agora.xtec.cat\/ceipalbirka\/?p=11187"},"modified":"2025-11-03T11:42:24","modified_gmt":"2025-11-03T10:42:24","slug":"lalbert-gonzalez-ens-explica-el-correllengua","status":"publish","type":"post","link":"https:\/\/agora.xtec.cat\/ceipalbirka\/general\/lalbert-gonzalez-ens-explica-el-correllengua\/","title":{"rendered":"L\u2019ALBERT GONZ\u00c1LEZ ENS EXPLICA EL CORRELLENGUA"},"content":{"rendered":"<p style=\"text-align: justify;\">Fa uns dies va venir l\u2019Albert Gonz\u00e1lez, pare del Na\u00efm i la Kira, a explicar-nos que \u00e9s el Correllengua. Tamb\u00e9 ens va fer difusi\u00f3 del cartell i dels actes que havien preparat pel dissabte 18 d\u2019octubre.<\/p>\n<p style=\"text-align: justify;\">Paral\u00b7lelament, des de l\u2019escola, s\u2019ha impulsat el mural: <em>Paraules per no oblidar<\/em>. L\u2019alumnat hi penjar\u00e0 les paraules amb catal\u00e0 que habitualment no se\u2019n fa tant \u00fas. Aix\u00ed podrem ampliar el nostre vocabulari.<\/p>\n<p style=\"text-align: justify;\">Moltes gr\u00e0cies Albert per venir!<\/p>\n<p><a href=\"https:\/\/agora.xtec.cat\/ceipalbirka\/general\/fotografies-correllengua\/\">Podeu fer CLICK AQU\u00cd per veure les fotografies!<\/a><\/p>\n","protected":false},"excerpt":{"rendered":"<p>Fa uns dies va venir l\u2019Albert Gonz\u00e1lez, pare del Na\u00efm i la Kira, a explicar-nos que \u00e9s el Correllengua. Tamb\u00e9 ens va fer difusi\u00f3 del cartell i dels actes que havien preparat pel dissabte 18 d\u2019octubre.<br \/>\nParal\u00b7lelament, des de l\u2019escola, s\u2019ha impulsat el mural: Paraules per&hellip;  <a href=\"https:\/\/agora.xtec.cat\/ceipalbirka\/general\/lalbert-gonzalez-ens-explica-el-correllengua\/\" title=\"Read L\u2019ALBERT GONZ\u00c1LEZ ENS EXPLICA EL CORRELLENGUA\">Llegeix m\u00e9s\u00bb<\/a><\/p>\n","protected":false},"author":4,"featured_media":11188,"comment_status":"closed","ping_status":"open","sticky":false,"template":"","format":"standard","meta":{"_bbp_topic_count":0,"_bbp_reply_count":0,"_bbp_total_topic_count":0,"_bbp_total_reply_count":0,"_bbp_voice_count":0,"_bbp_anonymous_reply_count":0,"_bbp_topic_count_hidden":0,"_bbp_reply_count_hidden":0,"_bbp_forum_subforum_count":0,"footnotes":""},"categories":[21,10,12,14,40,41,1,25,4,26,75],"tags":[],"class_list":["post-11187","post","type-post","status-publish","format-standard","has-post-thumbnail","hentry","category-activitats-generals","category-cicle-inicial","category-cicle-mitja","category-cicle-superior","category-infantil","category-primaria","category-general","category-informacions","category-portada","category-raco-literari","category-telegram"],"post_mailing_queue_ids":[],"_links":{"self":[{"href":"https:\/\/agora.xtec.cat\/ceipalbirka\/wp-json\/wp\/v2\/posts\/11187","targetHints":{"allow":["GET"]}}],"collection":[{"href":"https:\/\/agora.xtec.cat\/ceipalbirka\/wp-json\/wp\/v2\/posts"}],"about":[{"href":"https:\/\/agora.xtec.cat\/ceipalbirka\/wp-json\/wp\/v2\/types\/post"}],"author":[{"embeddable":true,"href":"https:\/\/agora.xtec.cat\/ceipalbirka\/wp-json\/wp\/v2\/users\/4"}],"replies":[{"embeddable":true,"href":"https:\/\/agora.xtec.cat\/ceipalbirka\/wp-json\/wp\/v2\/comments?post=11187"}],"version-history":[{"count":1,"href":"https:\/\/agora.xtec.cat\/ceipalbirka\/wp-json\/wp\/v2\/posts\/11187\/revisions"}],"predecessor-version":[{"id":11189,"href":"https:\/\/agora.xtec.cat\/ceipalbirka\/wp-json\/wp\/v2\/posts\/11187\/revisions\/11189"}],"wp:featuredmedia":[{"embeddable":true,"href":"https:\/\/agora.xtec.cat\/ceipalbirka\/wp-json\/wp\/v2\/media\/11188"}],"wp:attachment":[{"href":"https:\/\/agora.xtec.cat\/ceipalbirka\/wp-json\/wp\/v2\/media?parent=11187"}],"wp:term":[{"taxonomy":"category","embeddable":true,"href":"https:\/\/agora.xtec.cat\/ceipalbirka\/wp-json\/wp\/v2\/categories?post=11187"},{"taxonomy":"post_tag","embeddable":true,"href":"https:\/\/agora.xtec.cat\/ceipalbirka\/wp-json\/wp\/v2\/tags?post=11187"}],"curies":[{"name":"wp","href":"https:\/\/api.w.org\/{rel}","templated":true}]}}