{"id":11159,"date":"2025-10-09T10:55:38","date_gmt":"2025-10-09T08:55:38","guid":{"rendered":"https:\/\/agora.xtec.cat\/ceipalbirka\/?p=11159"},"modified":"2025-10-09T10:55:38","modified_gmt":"2025-10-09T08:55:38","slug":"parc-de-transit-escola","status":"publish","type":"post","link":"https:\/\/agora.xtec.cat\/ceipalbirka\/general\/parc-de-transit-escola\/","title":{"rendered":"Parc de tr\u00e0nsit (ESCOLA)"},"content":{"rendered":"<p style=\"text-align: justify;\">Els passats 24 i 25 de setembre, tot l&#8217;alumnat de Prim\u00e0ria va poder gaudir del Parc de tr\u00e0nsit que ens van preparar al pati de l&#8217;edifici 2.<\/p>\n<p style=\"text-align: justify;\">Ens ho vam passar genial i a la vegada vam aprendre molt sobre alguns senyals de tr\u00e0nsit, la seguretat en la via p\u00fablica i el codi de circulaci\u00f3. El millor de tot va ser que ho vam poder gaudir com a vianants per\u00f2 tamb\u00e9 com a ciclistes!!<\/p>\n<p style=\"text-align: justify;\"><a href=\"https:\/\/agora.xtec.cat\/ceipalbirka\/general\/fotografies-parc-de-transit-escola\/\">Cliqueu AQU\u00cd si voleu veure les fotografies!!<\/a><\/p>\n","protected":false},"excerpt":{"rendered":"<p>Els passats 24 i 25 de setembre, tot l&#8217;alumnat de Prim\u00e0ria va poder gaudir del Parc de tr\u00e0nsit que ens van preparar al pati de l&#8217;edifici 2.<br \/>\nEns ho vam passar genial i a la vegada vam aprendre molt sobre alguns senyals de tr\u00e0nsit, la seguretat&hellip;  <a href=\"https:\/\/agora.xtec.cat\/ceipalbirka\/general\/parc-de-transit-escola\/\" title=\"Read Parc de tr\u00e0nsit (ESCOLA)\">Llegeix m\u00e9s\u00bb<\/a><\/p>\n","protected":false},"author":4,"featured_media":11160,"comment_status":"closed","ping_status":"open","sticky":false,"template":"","format":"standard","meta":{"_bbp_topic_count":0,"_bbp_reply_count":0,"_bbp_total_topic_count":0,"_bbp_total_reply_count":0,"_bbp_voice_count":0,"_bbp_anonymous_reply_count":0,"_bbp_topic_count_hidden":0,"_bbp_reply_count_hidden":0,"_bbp_forum_subforum_count":0,"footnotes":""},"categories":[21,10,12,14,41,1,25,4,75],"tags":[],"class_list":["post-11159","post","type-post","status-publish","format-standard","has-post-thumbnail","hentry","category-activitats-generals","category-cicle-inicial","category-cicle-mitja","category-cicle-superior","category-primaria","category-general","category-informacions","category-portada","category-telegram"],"post_mailing_queue_ids":[],"_links":{"self":[{"href":"https:\/\/agora.xtec.cat\/ceipalbirka\/wp-json\/wp\/v2\/posts\/11159","targetHints":{"allow":["GET"]}}],"collection":[{"href":"https:\/\/agora.xtec.cat\/ceipalbirka\/wp-json\/wp\/v2\/posts"}],"about":[{"href":"https:\/\/agora.xtec.cat\/ceipalbirka\/wp-json\/wp\/v2\/types\/post"}],"author":[{"embeddable":true,"href":"https:\/\/agora.xtec.cat\/ceipalbirka\/wp-json\/wp\/v2\/users\/4"}],"replies":[{"embeddable":true,"href":"https:\/\/agora.xtec.cat\/ceipalbirka\/wp-json\/wp\/v2\/comments?post=11159"}],"version-history":[{"count":1,"href":"https:\/\/agora.xtec.cat\/ceipalbirka\/wp-json\/wp\/v2\/posts\/11159\/revisions"}],"predecessor-version":[{"id":11161,"href":"https:\/\/agora.xtec.cat\/ceipalbirka\/wp-json\/wp\/v2\/posts\/11159\/revisions\/11161"}],"wp:featuredmedia":[{"embeddable":true,"href":"https:\/\/agora.xtec.cat\/ceipalbirka\/wp-json\/wp\/v2\/media\/11160"}],"wp:attachment":[{"href":"https:\/\/agora.xtec.cat\/ceipalbirka\/wp-json\/wp\/v2\/media?parent=11159"}],"wp:term":[{"taxonomy":"category","embeddable":true,"href":"https:\/\/agora.xtec.cat\/ceipalbirka\/wp-json\/wp\/v2\/categories?post=11159"},{"taxonomy":"post_tag","embeddable":true,"href":"https:\/\/agora.xtec.cat\/ceipalbirka\/wp-json\/wp\/v2\/tags?post=11159"}],"curies":[{"name":"wp","href":"https:\/\/api.w.org\/{rel}","templated":true}]}}