{"id":11032,"date":"2025-05-21T12:39:46","date_gmt":"2025-05-21T10:39:46","guid":{"rendered":"https:\/\/agora.xtec.cat\/ceipalbirka\/?p=11032"},"modified":"2025-05-21T12:46:05","modified_gmt":"2025-05-21T10:46:05","slug":"excursio-a-la-granadella-1r2n3r","status":"publish","type":"post","link":"https:\/\/agora.xtec.cat\/ceipalbirka\/general\/excursio-a-la-granadella-1r2n3r\/","title":{"rendered":"EXCURSI\u00d3 A LA GRANADELLA (1r,2n,3r)"},"content":{"rendered":"<p align=\"justify\"><span style=\"font-family: Verdana, sans-serif;\"><span style=\"font-size: small;\">El dia 13 de maig l\u2019alumnat de primer, segon i tercer vam anar d&#8217;excursi\u00f3 a la Granadella. Vam fer una ruta circular a peu per observar l\u2019entorn proper de Les Garrigues. Vam aprendre sobre les oliveres i les seves principals caracter\u00edstiques, vam olorar les plantes arom\u00e0tiques t\u00edpiques de la nostra terra, vam descobrir les empremtes i excrements d\u2019alguns dels principals animals que hi viuen. L\u2019\u00c0frica i el Pau van ser els nostres guies i ens van explicar moltes coses interessants. Ens va agradar molt. Vam gaudir d\u2019un bon esmorzar i dinar preparat per les nostres fam\u00edlies, a l\u2019ombreta d\u2019un petit bosquet al Coll de Bovera.<\/span><\/span><\/p>\n<p align=\"justify\">Cliqueu la imatge per veure les fotografies!!!<\/p>\n<p align=\"justify\"><a href=\"https:\/\/agora.xtec.cat\/ceipalbirka\/general\/fotografies-excursio-granadella-1r2n3r\/\"><img loading=\"lazy\" decoding=\"async\" class=\"aligncenter wp-image-11034\" src=\"https:\/\/agora.xtec.cat\/ceipalbirka\/wp-content\/uploads\/usu298\/2025\/05\/Captura-de-pantalla-2025-05-21-123647-1.png\" alt=\"\" width=\"382\" height=\"207\" srcset=\"https:\/\/agora.xtec.cat\/ceipalbirka\/wp-content\/uploads\/usu298\/2025\/05\/Captura-de-pantalla-2025-05-21-123647-1.png 588w, https:\/\/agora.xtec.cat\/ceipalbirka\/wp-content\/uploads\/usu298\/2025\/05\/Captura-de-pantalla-2025-05-21-123647-1-300x163.png 300w\" sizes=\"auto, (max-width: 382px) 100vw, 382px\" \/><\/a><\/p>\n","protected":false},"excerpt":{"rendered":"<p>El dia 13 de maig l\u2019alumnat de primer, segon i tercer vam anar d&#8217;excursi\u00f3 a la Granadella. Vam fer una ruta circular a peu per observar l\u2019entorn proper de Les Garrigues. Vam aprendre sobre les oliveres i les seves principals caracter\u00edstiques, vam olorar les plantes&hellip;  <a href=\"https:\/\/agora.xtec.cat\/ceipalbirka\/general\/excursio-a-la-granadella-1r2n3r\/\" title=\"Read EXCURSI\u00d3 A LA GRANADELLA (1r,2n,3r)\">Llegeix m\u00e9s\u00bb<\/a><\/p>\n","protected":false},"author":4,"featured_media":11034,"comment_status":"closed","ping_status":"closed","sticky":false,"template":"","format":"standard","meta":{"_bbp_topic_count":0,"_bbp_reply_count":0,"_bbp_total_topic_count":0,"_bbp_total_reply_count":0,"_bbp_voice_count":0,"_bbp_anonymous_reply_count":0,"_bbp_topic_count_hidden":0,"_bbp_reply_count_hidden":0,"_bbp_forum_subforum_count":0,"footnotes":""},"categories":[21,10,12,41,1,4,75],"tags":[],"class_list":["post-11032","post","type-post","status-publish","format-standard","has-post-thumbnail","hentry","category-activitats-generals","category-cicle-inicial","category-cicle-mitja","category-primaria","category-general","category-portada","category-telegram"],"post_mailing_queue_ids":[],"_links":{"self":[{"href":"https:\/\/agora.xtec.cat\/ceipalbirka\/wp-json\/wp\/v2\/posts\/11032","targetHints":{"allow":["GET"]}}],"collection":[{"href":"https:\/\/agora.xtec.cat\/ceipalbirka\/wp-json\/wp\/v2\/posts"}],"about":[{"href":"https:\/\/agora.xtec.cat\/ceipalbirka\/wp-json\/wp\/v2\/types\/post"}],"author":[{"embeddable":true,"href":"https:\/\/agora.xtec.cat\/ceipalbirka\/wp-json\/wp\/v2\/users\/4"}],"replies":[{"embeddable":true,"href":"https:\/\/agora.xtec.cat\/ceipalbirka\/wp-json\/wp\/v2\/comments?post=11032"}],"version-history":[{"count":1,"href":"https:\/\/agora.xtec.cat\/ceipalbirka\/wp-json\/wp\/v2\/posts\/11032\/revisions"}],"predecessor-version":[{"id":11035,"href":"https:\/\/agora.xtec.cat\/ceipalbirka\/wp-json\/wp\/v2\/posts\/11032\/revisions\/11035"}],"wp:featuredmedia":[{"embeddable":true,"href":"https:\/\/agora.xtec.cat\/ceipalbirka\/wp-json\/wp\/v2\/media\/11034"}],"wp:attachment":[{"href":"https:\/\/agora.xtec.cat\/ceipalbirka\/wp-json\/wp\/v2\/media?parent=11032"}],"wp:term":[{"taxonomy":"category","embeddable":true,"href":"https:\/\/agora.xtec.cat\/ceipalbirka\/wp-json\/wp\/v2\/categories?post=11032"},{"taxonomy":"post_tag","embeddable":true,"href":"https:\/\/agora.xtec.cat\/ceipalbirka\/wp-json\/wp\/v2\/tags?post=11032"}],"curies":[{"name":"wp","href":"https:\/\/api.w.org\/{rel}","templated":true}]}}