{"id":11027,"date":"2025-05-21T12:29:57","date_gmt":"2025-05-21T10:29:57","guid":{"rendered":"https:\/\/agora.xtec.cat\/ceipalbirka\/?p=11027"},"modified":"2025-09-08T09:03:45","modified_gmt":"2025-09-08T07:03:45","slug":"colonies-al-delta-de-lebre-4t-cs","status":"publish","type":"post","link":"https:\/\/agora.xtec.cat\/ceipalbirka\/general\/colonies-al-delta-de-lebre-4t-cs\/","title":{"rendered":"Col\u00f2nies al Delta de l&#8217;Ebre (4t-CS)"},"content":{"rendered":"<p class=\"\" style=\"text-align: justify;\" data-start=\"252\" data-end=\"530\">Els dies fora de l\u2019escola es converteixen en records per sempre, i aix\u00ed ho han viscut els alumnes de 4t, 5\u00e8 i 6\u00e8 durant les seves col\u00f2nies al Delta de l\u2019Ebre. Han estat dos dies intensos, plens d\u2019activitats, natura i moments compartits que quedaran gravats a la mem\u00f2ria de tots.<\/p>\n<p class=\"\" style=\"text-align: justify;\" data-start=\"532\" data-end=\"990\">Ens vam allotjar al Poble Nou del Delta, un entorn privilegiat on vam gaudir de la calma, la biodiversitat i el paisatge caracter\u00edstic d\u2019aquesta zona \u00fanica. Tot i que la nostra estada va coincidir amb el fam\u00f3s &#8220;<em data-start=\"742\" data-end=\"750\">apag\u00f3n&#8221;<\/em>, vam tenir la sort que la casa de col\u00f2nies disposava d\u2019un generador i vam poder continuar amb les activitats amb total normalitat. Durant unes hores vam estar incomunicats, per\u00f2 aix\u00f2 tamb\u00e9 va afegir una mica m\u00e9s d\u2019aventura a l\u2019experi\u00e8ncia!<\/p>\n<p class=\"\" style=\"text-align: justify;\" data-start=\"992\" data-end=\"1288\">Les activitats van ser diverses i emocionants: una ruta en bicicleta pels voltants de l\u2019Encanyissada, una iniciaci\u00f3 amb les barques de perxar (una t\u00e8cnica tradicional per despla\u00e7ar-se per l\u2019aigua), una divertida sessi\u00f3 de piragua a prop de la platja del Trabucador i una descoberta del mateix Poble Nou del Delta.<\/p>\n<p class=\"\" style=\"text-align: justify;\" data-start=\"1290\" data-end=\"1591\">Per\u00f2 si hi va haver un moment que tothom recordar\u00e0 amb un somriure\u2026 va ser a la nit! Una de les monitores ens va oferir una actuaci\u00f3 terror\u00edfica i molt divertida, que va fer riure, espantar i emocionar a parts iguals. I \u00e9s que la nit al Delta, amb els companys i companyes de classe, va ser simplement m\u00e0gica.<\/p>\n<p class=\"\" style=\"text-align: justify;\" data-start=\"1593\" data-end=\"1768\">Ha estat una experi\u00e8ncia enriquidora, plena d\u2019aprenentatges, de conviv\u00e8ncia i de moments \u00fanics. Gr\u00e0cies a tot l\u2019equip que ho ha fet possible i a les fam\u00edlies per la confian\u00e7a!<\/p>\n<p data-start=\"1593\" data-end=\"1768\">\n","protected":false},"excerpt":{"rendered":"<p>Els dies fora de l\u2019escola es converteixen en records per sempre, i aix\u00ed ho han viscut els alumnes de 4t, 5\u00e8 i 6\u00e8 durant les seves col\u00f2nies al Delta de l\u2019Ebre. Han estat dos dies intensos, plens d\u2019activitats, natura i moments compartits que quedaran gravats&hellip;  <a href=\"https:\/\/agora.xtec.cat\/ceipalbirka\/general\/colonies-al-delta-de-lebre-4t-cs\/\" title=\"Read Col\u00f2nies al Delta de l&#8217;Ebre (4t-CS)\">Llegeix m\u00e9s\u00bb<\/a><\/p>\n","protected":false},"author":4,"featured_media":0,"comment_status":"closed","ping_status":"closed","sticky":false,"template":"","format":"standard","meta":{"_bbp_topic_count":0,"_bbp_reply_count":0,"_bbp_total_topic_count":0,"_bbp_total_reply_count":0,"_bbp_voice_count":0,"_bbp_anonymous_reply_count":0,"_bbp_topic_count_hidden":0,"_bbp_reply_count_hidden":0,"_bbp_forum_subforum_count":0,"footnotes":""},"categories":[21,12,14,41,1,4,75],"tags":[],"class_list":["post-11027","post","type-post","status-publish","format-standard","hentry","category-activitats-generals","category-cicle-mitja","category-cicle-superior","category-primaria","category-general","category-portada","category-telegram"],"post_mailing_queue_ids":[],"_links":{"self":[{"href":"https:\/\/agora.xtec.cat\/ceipalbirka\/wp-json\/wp\/v2\/posts\/11027","targetHints":{"allow":["GET"]}}],"collection":[{"href":"https:\/\/agora.xtec.cat\/ceipalbirka\/wp-json\/wp\/v2\/posts"}],"about":[{"href":"https:\/\/agora.xtec.cat\/ceipalbirka\/wp-json\/wp\/v2\/types\/post"}],"author":[{"embeddable":true,"href":"https:\/\/agora.xtec.cat\/ceipalbirka\/wp-json\/wp\/v2\/users\/4"}],"replies":[{"embeddable":true,"href":"https:\/\/agora.xtec.cat\/ceipalbirka\/wp-json\/wp\/v2\/comments?post=11027"}],"version-history":[{"count":4,"href":"https:\/\/agora.xtec.cat\/ceipalbirka\/wp-json\/wp\/v2\/posts\/11027\/revisions"}],"predecessor-version":[{"id":11137,"href":"https:\/\/agora.xtec.cat\/ceipalbirka\/wp-json\/wp\/v2\/posts\/11027\/revisions\/11137"}],"wp:attachment":[{"href":"https:\/\/agora.xtec.cat\/ceipalbirka\/wp-json\/wp\/v2\/media?parent=11027"}],"wp:term":[{"taxonomy":"category","embeddable":true,"href":"https:\/\/agora.xtec.cat\/ceipalbirka\/wp-json\/wp\/v2\/categories?post=11027"},{"taxonomy":"post_tag","embeddable":true,"href":"https:\/\/agora.xtec.cat\/ceipalbirka\/wp-json\/wp\/v2\/tags?post=11027"}],"curies":[{"name":"wp","href":"https:\/\/api.w.org\/{rel}","templated":true}]}}