{"id":11022,"date":"2025-05-21T12:15:48","date_gmt":"2025-05-21T10:15:48","guid":{"rendered":"https:\/\/agora.xtec.cat\/ceipalbirka\/?p=11022"},"modified":"2025-05-21T12:15:48","modified_gmt":"2025-05-21T10:15:48","slug":"celebracio-de-sant-jordi-a-lescola","status":"publish","type":"post","link":"https:\/\/agora.xtec.cat\/ceipalbirka\/general\/celebracio-de-sant-jordi-a-lescola\/","title":{"rendered":"Celebraci\u00f3 de Sant Jordi a l\u2019Escola"},"content":{"rendered":"<p class=\"\" style=\"text-align: justify;\" data-start=\"72\" data-end=\"111\"><strong data-start=\"72\" data-end=\"111\"><span style=\"font-weight: normal;\">El passat 23 d\u2019abril vam celebrar la diada<\/span><\/strong><span style=\"font-family: inherit; font-size: 1em;\"> de Sant Jordi a l\u2019escola amb un dia ple d\u2019activitats culturals. Al mat\u00ed, tots els cursos vam gaudir de les paradetes de llibres que ens va facilitar la Biblioteca Atl\u00e0ntida, on vam poder escollir-ne un per endur-nos a casa. <\/span><\/p>\n<p class=\"\" style=\"text-align: justify;\" data-start=\"72\" data-end=\"111\"><span style=\"font-family: inherit; font-size: 1em;\">Ja despr\u00e9s de dinar, vam compartir un emotiu ball de sardanes amb la participaci\u00f3 de persones del poble, que van ajudar-nos a mantenir viva aquesta tradici\u00f3 catalana. Finalment, vam gaudir d\u2019una obra de teatre representada per alumnes i mestres, que va fer les del\u00edcies de tots. Una jornada ben especial, plena de cultura, conviv\u00e8ncia i esperit de Sant Jordi.<\/span><\/p>\n<p style=\"text-align: justify;\" data-start=\"72\" data-end=\"111\"><a href=\"https:\/\/agora.xtec.cat\/ceipalbirka\/general\/fotografies-paradeta-llibres-sant-jordi\/\">CLIQUEU AQU\u00cd PER VEURE LES PARADETES DE LLIBRES!<\/a><\/p>\n<p style=\"text-align: justify;\" data-start=\"72\" data-end=\"111\"><a href=\"https:\/\/agora.xtec.cat\/ceipalbirka\/general\/video-teatre-sant-jordi\/\">CLIQUEU AQU\u00cd PER VEURE EL V\u00cdDEO DE L&#8217;OBRA DE TEATRE!<\/a><\/p>\n<p style=\"text-align: justify;\" data-start=\"72\" data-end=\"111\"><a href=\"https:\/\/agora.xtec.cat\/ceipalbirka\/general\/fotografies-activitats-sant-jordi\/\">CLIQUEU AQU\u00cd PER VEURE UN RECULL DE LA RESTA D&#8217;ACTIVITATS!<\/a><\/p>\n","protected":false},"excerpt":{"rendered":"<p>El passat 23 d\u2019abril vam celebrar la diada de Sant Jordi a l\u2019escola amb un dia ple d\u2019activitats culturals. Al mat\u00ed, tots els cursos vam gaudir de les paradetes de llibres que ens va facilitar la Biblioteca Atl\u00e0ntida, on vam poder escollir-ne un per endur-nos&hellip;  <a href=\"https:\/\/agora.xtec.cat\/ceipalbirka\/general\/celebracio-de-sant-jordi-a-lescola\/\" title=\"Read Celebraci\u00f3 de Sant Jordi a l\u2019Escola\">Llegeix m\u00e9s\u00bb<\/a><\/p>\n","protected":false},"author":4,"featured_media":11024,"comment_status":"closed","ping_status":"closed","sticky":false,"template":"","format":"standard","meta":{"_bbp_topic_count":0,"_bbp_reply_count":0,"_bbp_total_topic_count":0,"_bbp_total_reply_count":0,"_bbp_voice_count":0,"_bbp_anonymous_reply_count":0,"_bbp_topic_count_hidden":0,"_bbp_reply_count_hidden":0,"_bbp_forum_subforum_count":0,"footnotes":""},"categories":[21,7,10,12,14,40,41,1,4,26,75],"tags":[],"class_list":["post-11022","post","type-post","status-publish","format-standard","has-post-thumbnail","hentry","category-activitats-generals","category-ampa","category-cicle-inicial","category-cicle-mitja","category-cicle-superior","category-infantil","category-primaria","category-general","category-portada","category-raco-literari","category-telegram"],"post_mailing_queue_ids":[],"_links":{"self":[{"href":"https:\/\/agora.xtec.cat\/ceipalbirka\/wp-json\/wp\/v2\/posts\/11022","targetHints":{"allow":["GET"]}}],"collection":[{"href":"https:\/\/agora.xtec.cat\/ceipalbirka\/wp-json\/wp\/v2\/posts"}],"about":[{"href":"https:\/\/agora.xtec.cat\/ceipalbirka\/wp-json\/wp\/v2\/types\/post"}],"author":[{"embeddable":true,"href":"https:\/\/agora.xtec.cat\/ceipalbirka\/wp-json\/wp\/v2\/users\/4"}],"replies":[{"embeddable":true,"href":"https:\/\/agora.xtec.cat\/ceipalbirka\/wp-json\/wp\/v2\/comments?post=11022"}],"version-history":[{"count":1,"href":"https:\/\/agora.xtec.cat\/ceipalbirka\/wp-json\/wp\/v2\/posts\/11022\/revisions"}],"predecessor-version":[{"id":11023,"href":"https:\/\/agora.xtec.cat\/ceipalbirka\/wp-json\/wp\/v2\/posts\/11022\/revisions\/11023"}],"wp:featuredmedia":[{"embeddable":true,"href":"https:\/\/agora.xtec.cat\/ceipalbirka\/wp-json\/wp\/v2\/media\/11024"}],"wp:attachment":[{"href":"https:\/\/agora.xtec.cat\/ceipalbirka\/wp-json\/wp\/v2\/media?parent=11022"}],"wp:term":[{"taxonomy":"category","embeddable":true,"href":"https:\/\/agora.xtec.cat\/ceipalbirka\/wp-json\/wp\/v2\/categories?post=11022"},{"taxonomy":"post_tag","embeddable":true,"href":"https:\/\/agora.xtec.cat\/ceipalbirka\/wp-json\/wp\/v2\/tags?post=11022"}],"curies":[{"name":"wp","href":"https:\/\/api.w.org\/{rel}","templated":true}]}}