{"id":11013,"date":"2025-05-16T12:19:14","date_gmt":"2025-05-16T10:19:14","guid":{"rendered":"https:\/\/agora.xtec.cat\/ceipalbirka\/?p=11013"},"modified":"2025-05-16T12:19:14","modified_gmt":"2025-05-16T10:19:14","slug":"jornades-de-robotica-5e","status":"publish","type":"post","link":"https:\/\/agora.xtec.cat\/ceipalbirka\/general\/jornades-de-robotica-5e\/","title":{"rendered":"JORNADES DE ROB\u00d2TICA (5\u00e8)"},"content":{"rendered":"<h3 class=\"\" style=\"text-align: justify;\" data-start=\"158\" data-end=\"200\">La nostra primera jornada de rob\u00f2tica!<\/h3>\n<p class=\"\" style=\"text-align: justify;\" data-start=\"202\" data-end=\"216\">Hola fam\u00edlies!<\/p>\n<p class=\"\" style=\"text-align: justify;\" data-start=\"218\" data-end=\"423\">Som l\u2019alumnat de cinqu\u00e8 de l\u2019Escola Albirka i us volem explicar una experi\u00e8ncia super emocionant que hem viscut fa poc: <strong data-start=\"338\" data-end=\"423\">vam participar en la primera edici\u00f3 de les Jornades de Rob\u00f2tica de les Garrigues!<\/strong><\/p>\n<p class=\"\" style=\"text-align: justify;\" data-start=\"425\" data-end=\"687\">L\u2019activitat va tenir lloc al <strong data-start=\"454\" data-end=\"497\">Pavell\u00f3 de l\u2019Oli de les Borges Blanques<\/strong>, i all\u00e0 ens vam trobar ambaltres nens i nenes de cinqu\u00e8 de totes les escoles de la comarca. Ens va fer molta il\u00b7lusi\u00f3 poder compartir el dia amb tants companys i companyes d\u2019altres pobles!<\/p>\n<p class=\"\" style=\"text-align: justify;\" data-start=\"689\" data-end=\"744\">Durant la jornada vam fer <strong data-start=\"715\" data-end=\"743\">tres estacions diferents<\/strong>:<\/p>\n<ul style=\"text-align: justify;\" data-start=\"745\" data-end=\"1092\">\n<li class=\"\" data-start=\"745\" data-end=\"819\">\n<p class=\"\" data-start=\"747\" data-end=\"819\">Una d\u2019elles era de <strong data-start=\"766\" data-end=\"774\">LEGO<\/strong>, on vam construir i programar petits robots.<\/p>\n<\/li>\n<li class=\"\" data-start=\"820\" data-end=\"938\">\n<p class=\"\" data-start=\"822\" data-end=\"938\">Una altra era amb el <strong data-start=\"843\" data-end=\"864\">robot Codey Rocky<\/strong>, que ens va encantar perqu\u00e8 era molt interactiu i divertit de fer servir.<\/p>\n<\/li>\n<li class=\"\" data-start=\"939\" data-end=\"1092\">\n<p class=\"\" data-start=\"941\" data-end=\"1092\">I la tercera estaci\u00f3 era de <strong data-start=\"969\" data-end=\"1008\">pensament computacional desendollat<\/strong>, on hav\u00edem de resoldre reptes sense pantalles, nom\u00e9s pensant i treballant en equip!<\/p>\n<\/li>\n<\/ul>\n<p class=\"\" style=\"text-align: justify;\" data-start=\"1094\" data-end=\"1273\">Despr\u00e9s d\u2019una bona estona aprenent i jugant amb la rob\u00f2tica, <strong data-start=\"1155\" data-end=\"1209\">vam anar tots junts a dinar a la pla\u00e7a del Terrall<\/strong>. Va ser un moment molt bonic per compartir i descansar plegats.<\/p>\n<p class=\"\" style=\"text-align: justify;\" data-start=\"1275\" data-end=\"1416\">I per acabar, ens van donar un <strong data-start=\"1306\" data-end=\"1340\">diploma personalitzat xul\u00edssim<\/strong> per haver participat en aquesta primera jornada. Ens va fer molta il\u00b7lusi\u00f3!<\/p>\n<p class=\"\" style=\"text-align: justify;\" data-start=\"1418\" data-end=\"1561\">Ens ho vam passar molt b\u00e9, vam aprendre un munt de coses i vam viure una experi\u00e8ncia que segur que no oblidarem.<\/p>\n<p style=\"text-align: justify;\" data-start=\"1418\" data-end=\"1561\">Cliqueu a la imatge per veure les fotografies!!<\/p>\n<p data-start=\"1418\" data-end=\"1561\"><a href=\"https:\/\/agora.xtec.cat\/ceipalbirka\/general\/fotografies-jornades-robotica-5e\/\"><img loading=\"lazy\" decoding=\"async\" class=\"aligncenter size-full wp-image-11015\" src=\"https:\/\/agora.xtec.cat\/ceipalbirka\/wp-content\/uploads\/usu298\/2025\/05\/Captura-de-pantalla-2025-05-16-121748-1.png\" alt=\"\" width=\"927\" height=\"467\" srcset=\"https:\/\/agora.xtec.cat\/ceipalbirka\/wp-content\/uploads\/usu298\/2025\/05\/Captura-de-pantalla-2025-05-16-121748-1.png 927w, https:\/\/agora.xtec.cat\/ceipalbirka\/wp-content\/uploads\/usu298\/2025\/05\/Captura-de-pantalla-2025-05-16-121748-1-300x151.png 300w, https:\/\/agora.xtec.cat\/ceipalbirka\/wp-content\/uploads\/usu298\/2025\/05\/Captura-de-pantalla-2025-05-16-121748-1-768x387.png 768w\" sizes=\"auto, (max-width: 927px) 100vw, 927px\" \/><\/a><\/p>\n","protected":false},"excerpt":{"rendered":"<p>La nostra primera jornada de rob\u00f2tica!<br \/>\nHola fam\u00edlies!<br \/>\nSom l\u2019alumnat de cinqu\u00e8 de l\u2019Escola Albirka i us volem explicar una experi\u00e8ncia super emocionant que hem viscut fa poc: vam participar en la primera edici\u00f3 de les Jornades de Rob\u00f2tica de les Garrigues!<br \/>\nL\u2019activitat va tenir lloc al Pavell\u00f3&hellip;  <a href=\"https:\/\/agora.xtec.cat\/ceipalbirka\/general\/jornades-de-robotica-5e\/\" title=\"Read JORNADES DE ROB\u00d2TICA (5\u00e8)\">Llegeix m\u00e9s\u00bb<\/a><\/p>\n","protected":false},"author":4,"featured_media":11015,"comment_status":"closed","ping_status":"closed","sticky":false,"template":"","format":"standard","meta":{"_bbp_topic_count":0,"_bbp_reply_count":0,"_bbp_total_topic_count":0,"_bbp_total_reply_count":0,"_bbp_voice_count":0,"_bbp_anonymous_reply_count":0,"_bbp_topic_count_hidden":0,"_bbp_reply_count_hidden":0,"_bbp_forum_subforum_count":0,"footnotes":""},"categories":[21,14,41,1,4,75],"tags":[],"class_list":["post-11013","post","type-post","status-publish","format-standard","has-post-thumbnail","hentry","category-activitats-generals","category-cicle-superior","category-primaria","category-general","category-portada","category-telegram"],"post_mailing_queue_ids":[],"_links":{"self":[{"href":"https:\/\/agora.xtec.cat\/ceipalbirka\/wp-json\/wp\/v2\/posts\/11013","targetHints":{"allow":["GET"]}}],"collection":[{"href":"https:\/\/agora.xtec.cat\/ceipalbirka\/wp-json\/wp\/v2\/posts"}],"about":[{"href":"https:\/\/agora.xtec.cat\/ceipalbirka\/wp-json\/wp\/v2\/types\/post"}],"author":[{"embeddable":true,"href":"https:\/\/agora.xtec.cat\/ceipalbirka\/wp-json\/wp\/v2\/users\/4"}],"replies":[{"embeddable":true,"href":"https:\/\/agora.xtec.cat\/ceipalbirka\/wp-json\/wp\/v2\/comments?post=11013"}],"version-history":[{"count":1,"href":"https:\/\/agora.xtec.cat\/ceipalbirka\/wp-json\/wp\/v2\/posts\/11013\/revisions"}],"predecessor-version":[{"id":11016,"href":"https:\/\/agora.xtec.cat\/ceipalbirka\/wp-json\/wp\/v2\/posts\/11013\/revisions\/11016"}],"wp:featuredmedia":[{"embeddable":true,"href":"https:\/\/agora.xtec.cat\/ceipalbirka\/wp-json\/wp\/v2\/media\/11015"}],"wp:attachment":[{"href":"https:\/\/agora.xtec.cat\/ceipalbirka\/wp-json\/wp\/v2\/media?parent=11013"}],"wp:term":[{"taxonomy":"category","embeddable":true,"href":"https:\/\/agora.xtec.cat\/ceipalbirka\/wp-json\/wp\/v2\/categories?post=11013"},{"taxonomy":"post_tag","embeddable":true,"href":"https:\/\/agora.xtec.cat\/ceipalbirka\/wp-json\/wp\/v2\/tags?post=11013"}],"curies":[{"name":"wp","href":"https:\/\/api.w.org\/{rel}","templated":true}]}}