{"id":11010,"date":"2025-05-16T12:09:14","date_gmt":"2025-05-16T10:09:14","guid":{"rendered":"https:\/\/agora.xtec.cat\/ceipalbirka\/?p=11010"},"modified":"2025-05-16T12:09:14","modified_gmt":"2025-05-16T10:09:14","slug":"jornades-esportives-cm","status":"publish","type":"post","link":"https:\/\/agora.xtec.cat\/ceipalbirka\/general\/jornades-esportives-cm\/","title":{"rendered":"JORNADES ESPORTIVES (CM)"},"content":{"rendered":"<h3 class=\"\" style=\"text-align: justify;\" data-start=\"135\" data-end=\"179\">Les nostres jornades esportives a Arbeca!<\/h3>\n<p class=\"\" style=\"text-align: justify;\" data-start=\"181\" data-end=\"195\">Hola fam\u00edlies!<\/p>\n<p class=\"\" style=\"text-align: justify;\" data-start=\"197\" data-end=\"511\">Us volem explicar una activitat molt xula que hem fet aquest curs. Som l\u2019alumnat de cicle mitj\u00e0 de l\u2019Escola Albirka i aquest any hem pogut fer les estades esportives al nostre poble, Arbeca! Ha sigut molt especial perqu\u00e8 ho hem fet a les pistes d\u2019atletisme i el tema d\u2019aquest any era, precisament, <strong data-start=\"495\" data-end=\"510\">l\u2019atletisme<\/strong>.<\/p>\n<p class=\"\" style=\"text-align: justify;\" data-start=\"513\" data-end=\"760\">Durant el dia vam fer diferents activitats en grups. Hi havia estacions on pod\u00edem provar diverses proves atl\u00e8tiques com c\u00f3rrer, saltar, fer relleus, llan\u00e7ar&#8230; Ens ho vam passar molt b\u00e9 i vam aprendre coses noves mentre ens mov\u00edem i ens divert\u00edem.<\/p>\n<p class=\"\" style=\"text-align: justify;\" data-start=\"762\" data-end=\"992\">Per\u00f2 el millor de tot va ser que <strong data-start=\"795\" data-end=\"888\">vam compartir la jornada amb nens i nenes d\u2019altres escoles de la comarca de les Garrigues<\/strong>. Vam con\u00e8ixer companys i companyes nous, vam jugar plegats i ens vam fer amics de nens d\u2019altres pobles!<\/p>\n<p class=\"\" style=\"text-align: justify;\" data-start=\"994\" data-end=\"1129\">Va ser un dia genial, ple d\u2019esport, diversi\u00f3 i conviv\u00e8ncia. Ens ha encantat viure aquesta experi\u00e8ncia i ja estem pensant en la propera!<\/p>\n<p style=\"text-align: justify;\" data-start=\"1146\" data-end=\"1173\">Cliqueu la imatge per veure les fotografies!!<\/p>\n<p data-start=\"1146\" data-end=\"1173\"><a href=\"https:\/\/agora.xtec.cat\/ceipalbirka\/general\/fotografies-jornades-esportives-cm\/\"><img loading=\"lazy\" decoding=\"async\" class=\"aligncenter size-full wp-image-11011\" src=\"https:\/\/agora.xtec.cat\/ceipalbirka\/wp-content\/uploads\/usu298\/2025\/05\/Captura-de-pantalla-2025-05-16-120633.png\" alt=\"\" width=\"497\" height=\"214\" srcset=\"https:\/\/agora.xtec.cat\/ceipalbirka\/wp-content\/uploads\/usu298\/2025\/05\/Captura-de-pantalla-2025-05-16-120633.png 497w, https:\/\/agora.xtec.cat\/ceipalbirka\/wp-content\/uploads\/usu298\/2025\/05\/Captura-de-pantalla-2025-05-16-120633-300x129.png 300w\" sizes=\"auto, (max-width: 497px) 100vw, 497px\" \/><\/a><\/p>\n","protected":false},"excerpt":{"rendered":"<p>Les nostres jornades esportives a Arbeca!<br \/>\nHola fam\u00edlies!<br \/>\nUs volem explicar una activitat molt xula que hem fet aquest curs. Som l\u2019alumnat de cicle mitj\u00e0 de l\u2019Escola Albirka i aquest any hem pogut fer les estades esportives al nostre poble, Arbeca! Ha sigut molt especial perqu\u00e8 ho&hellip;  <a href=\"https:\/\/agora.xtec.cat\/ceipalbirka\/general\/jornades-esportives-cm\/\" title=\"Read JORNADES ESPORTIVES (CM)\">Llegeix m\u00e9s\u00bb<\/a><\/p>\n","protected":false},"author":4,"featured_media":11011,"comment_status":"closed","ping_status":"closed","sticky":false,"template":"","format":"standard","meta":{"_bbp_topic_count":0,"_bbp_reply_count":0,"_bbp_total_topic_count":0,"_bbp_total_reply_count":0,"_bbp_voice_count":0,"_bbp_anonymous_reply_count":0,"_bbp_topic_count_hidden":0,"_bbp_reply_count_hidden":0,"_bbp_forum_subforum_count":0,"footnotes":""},"categories":[21,12,41,35,1,4,75],"tags":[],"class_list":["post-11010","post","type-post","status-publish","format-standard","has-post-thumbnail","hentry","category-activitats-generals","category-cicle-mitja","category-primaria","category-educacio-fisica","category-general","category-portada","category-telegram"],"post_mailing_queue_ids":[],"_links":{"self":[{"href":"https:\/\/agora.xtec.cat\/ceipalbirka\/wp-json\/wp\/v2\/posts\/11010","targetHints":{"allow":["GET"]}}],"collection":[{"href":"https:\/\/agora.xtec.cat\/ceipalbirka\/wp-json\/wp\/v2\/posts"}],"about":[{"href":"https:\/\/agora.xtec.cat\/ceipalbirka\/wp-json\/wp\/v2\/types\/post"}],"author":[{"embeddable":true,"href":"https:\/\/agora.xtec.cat\/ceipalbirka\/wp-json\/wp\/v2\/users\/4"}],"replies":[{"embeddable":true,"href":"https:\/\/agora.xtec.cat\/ceipalbirka\/wp-json\/wp\/v2\/comments?post=11010"}],"version-history":[{"count":1,"href":"https:\/\/agora.xtec.cat\/ceipalbirka\/wp-json\/wp\/v2\/posts\/11010\/revisions"}],"predecessor-version":[{"id":11012,"href":"https:\/\/agora.xtec.cat\/ceipalbirka\/wp-json\/wp\/v2\/posts\/11010\/revisions\/11012"}],"wp:featuredmedia":[{"embeddable":true,"href":"https:\/\/agora.xtec.cat\/ceipalbirka\/wp-json\/wp\/v2\/media\/11011"}],"wp:attachment":[{"href":"https:\/\/agora.xtec.cat\/ceipalbirka\/wp-json\/wp\/v2\/media?parent=11010"}],"wp:term":[{"taxonomy":"category","embeddable":true,"href":"https:\/\/agora.xtec.cat\/ceipalbirka\/wp-json\/wp\/v2\/categories?post=11010"},{"taxonomy":"post_tag","embeddable":true,"href":"https:\/\/agora.xtec.cat\/ceipalbirka\/wp-json\/wp\/v2\/tags?post=11010"}],"curies":[{"name":"wp","href":"https:\/\/api.w.org\/{rel}","templated":true}]}}