{"id":10959,"date":"2025-05-07T13:38:57","date_gmt":"2025-05-07T11:38:57","guid":{"rendered":"https:\/\/agora.xtec.cat\/ceipalbirka\/?p=10959"},"modified":"2025-09-08T09:04:49","modified_gmt":"2025-09-08T07:04:49","slug":"jornades-de-robotica-albirka","status":"publish","type":"post","link":"https:\/\/agora.xtec.cat\/ceipalbirka\/general\/jornades-de-robotica-albirka\/","title":{"rendered":"JORNADES DE ROB\u00d2TICA ALBIRKA"},"content":{"rendered":"<p style=\"text-align: justify;\">Aquest any a l&#8217;Escola Albirka ens hem tornat uns grans especialistes en rob\u00f2tica al llarg del curs, i ho vam posar a la pr\u00e0ctica en unes jornades de rob\u00f2tica i pensament computacional que vam realitzar tot l&#8217;alumnat de l&#8217;escola.<\/p>\n<p style=\"text-align: justify;\">Si voleu veure les fotografies, cliqueu en els seg\u00fcents enlla\u00e7os:<\/p>\n<p style=\"text-align: justify;\"><a href=\"https:\/\/agora.xtec.cat\/ceipalbirka\/general\/fotografies-jornades-robotica-petits\/\">GRUP EDUCACI\u00d3 INFANTIL<\/a><\/p>\n<p style=\"text-align: justify;\"><a href=\"https:\/\/agora.xtec.cat\/ceipalbirka\/general\/fotografies-jornades-robotica-mitjans\/\">GRUP 1r &#8211; 2n &#8211; 3r<\/a><\/p>\n<p style=\"text-align: justify;\"><a href=\"https:\/\/agora.xtec.cat\/ceipalbirka\/general\/fotografies-jornades-robotica-grans\/\">GRUP 4t &#8211; 5\u00e8 &#8211; 6\u00e8<\/a><\/p>\n","protected":false},"excerpt":{"rendered":"<p>Aquest any a l&#8217;Escola Albirka ens hem tornat uns grans especialistes en rob\u00f2tica al llarg del curs, i ho vam posar a la pr\u00e0ctica en unes jornades de rob\u00f2tica i pensament computacional que vam realitzar tot l&#8217;alumnat de l&#8217;escola.<br \/>\nSi voleu veure les fotografies, cliqueu en&hellip;  <a href=\"https:\/\/agora.xtec.cat\/ceipalbirka\/general\/jornades-de-robotica-albirka\/\" title=\"Read JORNADES DE ROB\u00d2TICA ALBIRKA\">Llegeix m\u00e9s\u00bb<\/a><\/p>\n","protected":false},"author":4,"featured_media":0,"comment_status":"closed","ping_status":"closed","sticky":false,"template":"","format":"standard","meta":{"_bbp_topic_count":0,"_bbp_reply_count":0,"_bbp_total_topic_count":0,"_bbp_total_reply_count":0,"_bbp_voice_count":0,"_bbp_anonymous_reply_count":0,"_bbp_topic_count_hidden":0,"_bbp_reply_count_hidden":0,"_bbp_forum_subforum_count":0,"footnotes":""},"categories":[21,10,12,14,40,41,1,4,75],"tags":[],"class_list":["post-10959","post","type-post","status-publish","format-standard","hentry","category-activitats-generals","category-cicle-inicial","category-cicle-mitja","category-cicle-superior","category-infantil","category-primaria","category-general","category-portada","category-telegram"],"post_mailing_queue_ids":[],"_links":{"self":[{"href":"https:\/\/agora.xtec.cat\/ceipalbirka\/wp-json\/wp\/v2\/posts\/10959","targetHints":{"allow":["GET"]}}],"collection":[{"href":"https:\/\/agora.xtec.cat\/ceipalbirka\/wp-json\/wp\/v2\/posts"}],"about":[{"href":"https:\/\/agora.xtec.cat\/ceipalbirka\/wp-json\/wp\/v2\/types\/post"}],"author":[{"embeddable":true,"href":"https:\/\/agora.xtec.cat\/ceipalbirka\/wp-json\/wp\/v2\/users\/4"}],"replies":[{"embeddable":true,"href":"https:\/\/agora.xtec.cat\/ceipalbirka\/wp-json\/wp\/v2\/comments?post=10959"}],"version-history":[{"count":1,"href":"https:\/\/agora.xtec.cat\/ceipalbirka\/wp-json\/wp\/v2\/posts\/10959\/revisions"}],"predecessor-version":[{"id":10961,"href":"https:\/\/agora.xtec.cat\/ceipalbirka\/wp-json\/wp\/v2\/posts\/10959\/revisions\/10961"}],"wp:attachment":[{"href":"https:\/\/agora.xtec.cat\/ceipalbirka\/wp-json\/wp\/v2\/media?parent=10959"}],"wp:term":[{"taxonomy":"category","embeddable":true,"href":"https:\/\/agora.xtec.cat\/ceipalbirka\/wp-json\/wp\/v2\/categories?post=10959"},{"taxonomy":"post_tag","embeddable":true,"href":"https:\/\/agora.xtec.cat\/ceipalbirka\/wp-json\/wp\/v2\/tags?post=10959"}],"curies":[{"name":"wp","href":"https:\/\/api.w.org\/{rel}","templated":true}]}}