{"id":10892,"date":"2025-04-30T12:43:02","date_gmt":"2025-04-30T10:43:02","guid":{"rendered":"https:\/\/agora.xtec.cat\/ceipalbirka\/?p=10892"},"modified":"2025-04-30T12:43:02","modified_gmt":"2025-04-30T10:43:02","slug":"la-mona-escola","status":"publish","type":"post","link":"https:\/\/agora.xtec.cat\/ceipalbirka\/general\/la-mona-escola\/","title":{"rendered":"LA MONA (ESCOLA)"},"content":{"rendered":"<p class=\"\" style=\"text-align: justify;\" data-start=\"115\" data-end=\"171\">Com ja \u00e9s tradici\u00f3 a l\u2019escola Albirka, la setmana abans de Setmana Santa vam celebrar una de les festes m\u00e9s dolces i esperades del curs: <strong data-start=\"310\" data-end=\"333\">la Festa de la Mona<\/strong>!<\/p>\n<p class=\"\" style=\"text-align: justify;\" data-start=\"336\" data-end=\"777\">Al mat\u00ed, l\u2019alumnat d\u2019educaci\u00f3 infantil i de cicle inicial va viure una activitat molt especial: <strong data-start=\"432\" data-end=\"460\">la preparaci\u00f3 de la mona<\/strong> amb l\u2019ajuda d\u2019algunes fam\u00edlies. Pares i mares van entrar a les aules per col\u00b7laborar en aquest taller tan llaminer, compartint una estona de cuina, creativitat i conviv\u00e8ncia amb els m\u00e9s petits. Entre xocolata, melmelada, ous de pasqua i moltes ganes de fer festa, van sortir unes mones bon\u00edssimes i plenes de colors!<\/p>\n<p class=\"\" style=\"text-align: justify;\" data-start=\"779\" data-end=\"1113\">A la tarda, tota l\u2019escola ens vam despla\u00e7ar fins a la zona del <strong data-start=\"842\" data-end=\"863\">roc\u00f2drom del parc<\/strong>, molt a prop del centre, per fer <strong data-start=\"897\" data-end=\"926\">una gran trobada conjunta<\/strong> i menjar les mones plegats. Alumnat i mestres vam compartir aquest moment tan especial en un ambient de germanor i alegria, celebrant l\u2019arribada de la primavera i les vacances.<\/p>\n<p class=\"\" style=\"text-align: justify;\" data-start=\"1115\" data-end=\"1292\">A l\u2019escola Albirka ens encanta celebrar tradicions com aquesta, que ens permeten <strong data-start=\"1196\" data-end=\"1254\">enfortir els vincles entre infants, fam\u00edlies i mestres<\/strong>, i gaudir del valor de fer comunitat.<\/p>\n<p class=\"\" style=\"text-align: justify;\" data-start=\"1294\" data-end=\"1371\">Gr\u00e0cies a totes les fam\u00edlies que ho vau fer possible!!!<\/p>\n<p data-start=\"1294\" data-end=\"1371\">Cliqueu a la imatge per veure totes les fotografies!!!<\/p>\n<p data-start=\"1294\" data-end=\"1371\"><a href=\"https:\/\/agora.xtec.cat\/ceipalbirka\/general\/fotografies-la-mona-escola\/\"><img loading=\"lazy\" decoding=\"async\" class=\"aligncenter size-full wp-image-10894\" src=\"https:\/\/agora.xtec.cat\/ceipalbirka\/wp-content\/uploads\/usu298\/2025\/04\/Captura-de-pantalla-2025-04-30-124217.png\" alt=\"\" width=\"562\" height=\"561\" srcset=\"https:\/\/agora.xtec.cat\/ceipalbirka\/wp-content\/uploads\/usu298\/2025\/04\/Captura-de-pantalla-2025-04-30-124217.png 562w, https:\/\/agora.xtec.cat\/ceipalbirka\/wp-content\/uploads\/usu298\/2025\/04\/Captura-de-pantalla-2025-04-30-124217-300x300.png 300w, https:\/\/agora.xtec.cat\/ceipalbirka\/wp-content\/uploads\/usu298\/2025\/04\/Captura-de-pantalla-2025-04-30-124217-150x150.png 150w\" sizes=\"auto, (max-width: 562px) 100vw, 562px\" \/><\/a><\/p>\n","protected":false},"excerpt":{"rendered":"<p>Com ja \u00e9s tradici\u00f3 a l\u2019escola Albirka, la setmana abans de Setmana Santa vam celebrar una de les festes m\u00e9s dolces i esperades del curs: la Festa de la Mona!<br \/>\nAl mat\u00ed, l\u2019alumnat d\u2019educaci\u00f3 infantil i de cicle inicial va viure una activitat molt especial: la&hellip;  <a href=\"https:\/\/agora.xtec.cat\/ceipalbirka\/general\/la-mona-escola\/\" title=\"Read LA MONA (ESCOLA)\">Llegeix m\u00e9s\u00bb<\/a><\/p>\n","protected":false},"author":4,"featured_media":10893,"comment_status":"closed","ping_status":"closed","sticky":false,"template":"","format":"standard","meta":{"_bbp_topic_count":0,"_bbp_reply_count":0,"_bbp_total_topic_count":0,"_bbp_total_reply_count":0,"_bbp_voice_count":0,"_bbp_anonymous_reply_count":0,"_bbp_topic_count_hidden":0,"_bbp_reply_count_hidden":0,"_bbp_forum_subforum_count":0,"footnotes":""},"categories":[21,7,10,12,14,40,41,1,4,75],"tags":[],"class_list":["post-10892","post","type-post","status-publish","format-standard","has-post-thumbnail","hentry","category-activitats-generals","category-ampa","category-cicle-inicial","category-cicle-mitja","category-cicle-superior","category-infantil","category-primaria","category-general","category-portada","category-telegram"],"post_mailing_queue_ids":[],"_links":{"self":[{"href":"https:\/\/agora.xtec.cat\/ceipalbirka\/wp-json\/wp\/v2\/posts\/10892","targetHints":{"allow":["GET"]}}],"collection":[{"href":"https:\/\/agora.xtec.cat\/ceipalbirka\/wp-json\/wp\/v2\/posts"}],"about":[{"href":"https:\/\/agora.xtec.cat\/ceipalbirka\/wp-json\/wp\/v2\/types\/post"}],"author":[{"embeddable":true,"href":"https:\/\/agora.xtec.cat\/ceipalbirka\/wp-json\/wp\/v2\/users\/4"}],"replies":[{"embeddable":true,"href":"https:\/\/agora.xtec.cat\/ceipalbirka\/wp-json\/wp\/v2\/comments?post=10892"}],"version-history":[{"count":1,"href":"https:\/\/agora.xtec.cat\/ceipalbirka\/wp-json\/wp\/v2\/posts\/10892\/revisions"}],"predecessor-version":[{"id":10895,"href":"https:\/\/agora.xtec.cat\/ceipalbirka\/wp-json\/wp\/v2\/posts\/10892\/revisions\/10895"}],"wp:featuredmedia":[{"embeddable":true,"href":"https:\/\/agora.xtec.cat\/ceipalbirka\/wp-json\/wp\/v2\/media\/10893"}],"wp:attachment":[{"href":"https:\/\/agora.xtec.cat\/ceipalbirka\/wp-json\/wp\/v2\/media?parent=10892"}],"wp:term":[{"taxonomy":"category","embeddable":true,"href":"https:\/\/agora.xtec.cat\/ceipalbirka\/wp-json\/wp\/v2\/categories?post=10892"},{"taxonomy":"post_tag","embeddable":true,"href":"https:\/\/agora.xtec.cat\/ceipalbirka\/wp-json\/wp\/v2\/tags?post=10892"}],"curies":[{"name":"wp","href":"https:\/\/api.w.org\/{rel}","templated":true}]}}