{"id":10886,"date":"2025-04-30T12:20:50","date_gmt":"2025-04-30T10:20:50","guid":{"rendered":"https:\/\/agora.xtec.cat\/ceipalbirka\/?p=10886"},"modified":"2025-09-08T09:05:40","modified_gmt":"2025-09-08T07:05:40","slug":"doble-bandera-2025-ef","status":"publish","type":"post","link":"https:\/\/agora.xtec.cat\/ceipalbirka\/general\/doble-bandera-2025-ef\/","title":{"rendered":"DOBLE BANDERA 2025 (EF)"},"content":{"rendered":"<p class=\"\" style=\"text-align: justify;\" data-start=\"207\" data-end=\"274\"><strong data-start=\"207\" data-end=\"274\">Doble bandera Albirka 2025: competici\u00f3, emoci\u00f3 i molta diversi\u00f3<\/strong><\/p>\n<p class=\"\" style=\"text-align: justify;\" data-start=\"276\" data-end=\"549\">Aquest mes d\u2019abril hem celebrat una de les activitats m\u00e9s esperades per tot l\u2019alumnat de prim\u00e0ria: la <strong data-start=\"378\" data-end=\"408\">Doble bandera Albirka 2025<\/strong>. Ja \u00e9s la tercera edici\u00f3 d\u2019aquesta competici\u00f3 esportiva que s\u2019ha convertit en un cl\u00e0ssic de l\u2019escola, i enguany ha tornat a ser tot un \u00e8xit!<\/p>\n<p class=\"\" style=\"text-align: justify;\" data-start=\"551\" data-end=\"1061\">Durant diverses setmanes, l\u2019alumnat ha estat entrenant-se a les sessions d\u2019educaci\u00f3 f\u00edsica per preparar-se per a aquesta gran cita. Per\u00f2 la Doble bandera \u00e9s molt m\u00e9s que un simple joc: \u00e9s <strong data-start=\"739\" data-end=\"802\">una festa de l\u2019esport i treball en equip<\/strong>. Aquest any, a m\u00e9s, hem afegit una tem\u00e0tica que ha entusiasmat tothom: els <strong data-start=\"878\" data-end=\"891\">Pok\u00e9mons!<\/strong> Cada equip ha competit sota el nom d\u2019un Pok\u00e9mon emblem\u00e0tic, fet que ha donat molt de joc a l\u2019hora de fer les pancartes i els crits d\u2019animaci\u00f3.<\/p>\n<p class=\"\" style=\"text-align: justify;\" data-start=\"1063\" data-end=\"1521\">Els equips han estat formats per alumnes de tots els cursos de prim\u00e0ria, fet que ha afavorit la conviv\u00e8ncia entre grans i petits. A m\u00e9s a m\u00e9s, els qui no competien en aquell moment tamb\u00e9 han tingut un paper molt actiu: alguns han estat <strong data-start=\"1299\" data-end=\"1322\">presentadors i DJ\u2019s<\/strong>, encarregats de dinamitzar la jornada amb molta energia i m\u00fasica, mentre que d\u2019altres han fet <strong data-start=\"1417\" data-end=\"1462\">el seguiment de puntuacions a la pissarra<\/strong> o han animat els seus equips amb pancartes i coreografies.<\/p>\n<p class=\"\" style=\"text-align: justify;\" data-start=\"1523\" data-end=\"1764\">La pista s\u2019ha omplert de crits d\u2019alegria, corredisses, estrat\u00e8gia i, sobretot, <strong data-start=\"1602\" data-end=\"1620\">molta il\u00b7lusi\u00f3<\/strong>. Aquesta edici\u00f3 ha tornat a demostrar que l\u2019esport pot ser una eina poderosa per fomentar valors com el respecte, el comprom\u00eds i la cooperaci\u00f3.<\/p>\n<p class=\"\" style=\"text-align: justify;\" data-start=\"1766\" data-end=\"1899\">Felicitats a tots els participants per la implicaci\u00f3 i l\u2019entusiasme! I recordeu: a l\u2019escola Albirka, <strong data-start=\"1867\" data-end=\"1898\">l\u2019esport tamb\u00e9 \u00e9s una festa<\/strong>!<\/p>\n<p data-start=\"1766\" data-end=\"1899\">Cliqueu a la imatge per veure totes les fotografies de l&#8217;event!<\/p>\n<p data-start=\"1766\" data-end=\"1899\"><a href=\"https:\/\/agora.xtec.cat\/ceipalbirka\/general\/fotografies-doble-bandera-ef\/\"><img loading=\"lazy\" decoding=\"async\" class=\"aligncenter size-full wp-image-10887\" src=\"https:\/\/agora.xtec.cat\/ceipalbirka\/wp-content\/uploads\/usu298\/2025\/04\/Captura-de-pantalla-2025-04-30-121827.png\" alt=\"\" width=\"653\" height=\"316\" srcset=\"https:\/\/agora.xtec.cat\/ceipalbirka\/wp-content\/uploads\/usu298\/2025\/04\/Captura-de-pantalla-2025-04-30-121827.png 653w, https:\/\/agora.xtec.cat\/ceipalbirka\/wp-content\/uploads\/usu298\/2025\/04\/Captura-de-pantalla-2025-04-30-121827-300x145.png 300w\" sizes=\"auto, (max-width: 653px) 100vw, 653px\" \/><\/a><\/p>\n","protected":false},"excerpt":{"rendered":"<p>Doble bandera Albirka 2025: competici\u00f3, emoci\u00f3 i molta diversi\u00f3<br \/>\nAquest mes d\u2019abril hem celebrat una de les activitats m\u00e9s esperades per tot l\u2019alumnat de prim\u00e0ria: la Doble bandera Albirka 2025. Ja \u00e9s la tercera edici\u00f3 d\u2019aquesta competici\u00f3 esportiva que s\u2019ha convertit en un cl\u00e0ssic de l\u2019escola,&hellip;  <a href=\"https:\/\/agora.xtec.cat\/ceipalbirka\/general\/doble-bandera-2025-ef\/\" title=\"Read DOBLE BANDERA 2025 (EF)\">Llegeix m\u00e9s\u00bb<\/a><\/p>\n","protected":false},"author":4,"featured_media":0,"comment_status":"closed","ping_status":"closed","sticky":false,"template":"","format":"standard","meta":{"_bbp_topic_count":0,"_bbp_reply_count":0,"_bbp_total_topic_count":0,"_bbp_total_reply_count":0,"_bbp_voice_count":0,"_bbp_anonymous_reply_count":0,"_bbp_topic_count_hidden":0,"_bbp_reply_count_hidden":0,"_bbp_forum_subforum_count":0,"footnotes":""},"categories":[21,10,12,14,41,35,1,4,75],"tags":[],"class_list":["post-10886","post","type-post","status-publish","format-standard","hentry","category-activitats-generals","category-cicle-inicial","category-cicle-mitja","category-cicle-superior","category-primaria","category-educacio-fisica","category-general","category-portada","category-telegram"],"post_mailing_queue_ids":[],"_links":{"self":[{"href":"https:\/\/agora.xtec.cat\/ceipalbirka\/wp-json\/wp\/v2\/posts\/10886","targetHints":{"allow":["GET"]}}],"collection":[{"href":"https:\/\/agora.xtec.cat\/ceipalbirka\/wp-json\/wp\/v2\/posts"}],"about":[{"href":"https:\/\/agora.xtec.cat\/ceipalbirka\/wp-json\/wp\/v2\/types\/post"}],"author":[{"embeddable":true,"href":"https:\/\/agora.xtec.cat\/ceipalbirka\/wp-json\/wp\/v2\/users\/4"}],"replies":[{"embeddable":true,"href":"https:\/\/agora.xtec.cat\/ceipalbirka\/wp-json\/wp\/v2\/comments?post=10886"}],"version-history":[{"count":1,"href":"https:\/\/agora.xtec.cat\/ceipalbirka\/wp-json\/wp\/v2\/posts\/10886\/revisions"}],"predecessor-version":[{"id":10889,"href":"https:\/\/agora.xtec.cat\/ceipalbirka\/wp-json\/wp\/v2\/posts\/10886\/revisions\/10889"}],"wp:attachment":[{"href":"https:\/\/agora.xtec.cat\/ceipalbirka\/wp-json\/wp\/v2\/media?parent=10886"}],"wp:term":[{"taxonomy":"category","embeddable":true,"href":"https:\/\/agora.xtec.cat\/ceipalbirka\/wp-json\/wp\/v2\/categories?post=10886"},{"taxonomy":"post_tag","embeddable":true,"href":"https:\/\/agora.xtec.cat\/ceipalbirka\/wp-json\/wp\/v2\/tags?post=10886"}],"curies":[{"name":"wp","href":"https:\/\/api.w.org\/{rel}","templated":true}]}}