{"id":10880,"date":"2025-04-24T13:38:01","date_gmt":"2025-04-24T11:38:01","guid":{"rendered":"https:\/\/agora.xtec.cat\/ceipalbirka\/?p=10880"},"modified":"2025-09-08T09:10:04","modified_gmt":"2025-09-08T07:10:04","slug":"bicicletada-al-puig-del-corb-cs","status":"publish","type":"post","link":"https:\/\/agora.xtec.cat\/ceipalbirka\/general\/bicicletada-al-puig-del-corb-cs\/","title":{"rendered":"BICICLETADA AL PUIG DEL CORB (CS)"},"content":{"rendered":"<p class=\"\" style=\"text-align: justify;\" data-start=\"177\" data-end=\"262\"><strong data-start=\"177\" data-end=\"262\">Bicicletada al Puig del Corb: un repte superat amb somriures i pedalades! \ud83d\udeb5\u200d\u2640\ufe0f\ud83c\udf04<\/strong><\/p>\n<p class=\"\" style=\"text-align: justify;\" data-start=\"264\" data-end=\"464\">Despr\u00e9s d\u2019uns dies d\u2019entrenament i preparaci\u00f3 a les classes d\u2019educaci\u00f3 f\u00edsica, l\u2019alumnat de cicle superior ha culminat el seu repte amb una espectacular sortida en bicicleta fins al <strong data-start=\"446\" data-end=\"463\">Puig del Corb<\/strong>.<\/p>\n<p class=\"\" style=\"text-align: justify;\" data-start=\"466\" data-end=\"774\">Amb cascos posats, ampolles d\u2019aigua preparades i molta il\u00b7lusi\u00f3, hem iniciat una ruta plena de natura, companyonia i reptes superats. El recorregut ha combinat trams asfaltats amb corriols i camins de terra, que ens han perm\u00e8s posar a prova tot all\u00f2 treballat durant les sessions pr\u00e8vies al pati de l\u2019escola.<\/p>\n<p class=\"\" style=\"text-align: justify;\" data-start=\"776\" data-end=\"1039\">Hem fet parades per recuperar forces, gaudir del paisatge i compartir bons moments entre companys i companyes. L\u2019esfor\u00e7 de pujar ha tingut una gran recompensa: les vistes espectaculars des del Puig del Corb i la satisfacci\u00f3 d\u2019haver arribat tots junts fins a dalt.<\/p>\n<p class=\"\" style=\"text-align: justify;\" data-start=\"1041\" data-end=\"1198\">Aquesta sortida ha estat molt m\u00e9s que una excursi\u00f3: ha estat una viv\u00e8ncia molt maca, treball en equip, respecte per l\u2019entorn, amor per l\u2019activitat f\u00edsica que de ben segur recordarem.<\/p>\n<p class=\"\" style=\"text-align: justify;\" data-start=\"1200\" data-end=\"1289\">Felicitats, ciclistes d\u2019Albirka! Heu demostrat que amb esfor\u00e7 i actitud, tot \u00e9s possible.<\/p>\n<p data-start=\"1200\" data-end=\"1289\">\n","protected":false},"excerpt":{"rendered":"<p>Bicicletada al Puig del Corb: un repte superat amb somriures i pedalades! \ud83d\udeb5\u200d\u2640\ufe0f\ud83c\udf04<br \/>\nDespr\u00e9s d\u2019uns dies d\u2019entrenament i preparaci\u00f3 a les classes d\u2019educaci\u00f3 f\u00edsica, l\u2019alumnat de cicle superior ha culminat el seu repte amb una espectacular sortida en bicicleta fins al Puig del Corb.<br \/>\nAmb cascos posats,&hellip;  <a href=\"https:\/\/agora.xtec.cat\/ceipalbirka\/general\/bicicletada-al-puig-del-corb-cs\/\" title=\"Read BICICLETADA AL PUIG DEL CORB (CS)\">Llegeix m\u00e9s\u00bb<\/a><\/p>\n","protected":false},"author":4,"featured_media":0,"comment_status":"closed","ping_status":"closed","sticky":false,"template":"","format":"standard","meta":{"_bbp_topic_count":0,"_bbp_reply_count":0,"_bbp_total_topic_count":0,"_bbp_total_reply_count":0,"_bbp_voice_count":0,"_bbp_anonymous_reply_count":0,"_bbp_topic_count_hidden":0,"_bbp_reply_count_hidden":0,"_bbp_forum_subforum_count":0,"footnotes":""},"categories":[21,14,41,35,1,4,75],"tags":[],"class_list":["post-10880","post","type-post","status-publish","format-standard","hentry","category-activitats-generals","category-cicle-superior","category-primaria","category-educacio-fisica","category-general","category-portada","category-telegram"],"post_mailing_queue_ids":[],"_links":{"self":[{"href":"https:\/\/agora.xtec.cat\/ceipalbirka\/wp-json\/wp\/v2\/posts\/10880","targetHints":{"allow":["GET"]}}],"collection":[{"href":"https:\/\/agora.xtec.cat\/ceipalbirka\/wp-json\/wp\/v2\/posts"}],"about":[{"href":"https:\/\/agora.xtec.cat\/ceipalbirka\/wp-json\/wp\/v2\/types\/post"}],"author":[{"embeddable":true,"href":"https:\/\/agora.xtec.cat\/ceipalbirka\/wp-json\/wp\/v2\/users\/4"}],"replies":[{"embeddable":true,"href":"https:\/\/agora.xtec.cat\/ceipalbirka\/wp-json\/wp\/v2\/comments?post=10880"}],"version-history":[{"count":2,"href":"https:\/\/agora.xtec.cat\/ceipalbirka\/wp-json\/wp\/v2\/posts\/10880\/revisions"}],"predecessor-version":[{"id":11139,"href":"https:\/\/agora.xtec.cat\/ceipalbirka\/wp-json\/wp\/v2\/posts\/10880\/revisions\/11139"}],"wp:attachment":[{"href":"https:\/\/agora.xtec.cat\/ceipalbirka\/wp-json\/wp\/v2\/media?parent=10880"}],"wp:term":[{"taxonomy":"category","embeddable":true,"href":"https:\/\/agora.xtec.cat\/ceipalbirka\/wp-json\/wp\/v2\/categories?post=10880"},{"taxonomy":"post_tag","embeddable":true,"href":"https:\/\/agora.xtec.cat\/ceipalbirka\/wp-json\/wp\/v2\/tags?post=10880"}],"curies":[{"name":"wp","href":"https:\/\/api.w.org\/{rel}","templated":true}]}}