{"id":10875,"date":"2025-04-24T13:32:16","date_gmt":"2025-04-24T11:32:16","guid":{"rendered":"https:\/\/agora.xtec.cat\/ceipalbirka\/?p=10875"},"modified":"2025-09-08T09:09:41","modified_gmt":"2025-09-08T07:09:41","slug":"e-f-amb-bicicleta-cs","status":"publish","type":"post","link":"https:\/\/agora.xtec.cat\/ceipalbirka\/general\/e-f-amb-bicicleta-cs\/","title":{"rendered":"E.F amb BICICLETA (CS)"},"content":{"rendered":"<p class=\"\" style=\"text-align: justify;\" data-start=\"231\" data-end=\"446\">A principis del mes d&#8217;abril, l\u2019alumnat de cicle superior ha gaudit d\u2019unes sessions d\u2019educaci\u00f3 f\u00edsica molt especials: hem agafat les bicicletes i hem convertit el pati de l\u2019escola i els seus voltants en un circuit d\u2019entrenament!<\/p>\n<p class=\"\" style=\"text-align: justify;\" data-start=\"448\" data-end=\"764\">L\u2019objectiu d\u2019aquestes sessions era preparar-nos per a una sortida molt esperada: l\u2019excursi\u00f3 al Puig del Corb. Per tal de garantir que tothom se sent\u00eds segur i amb confian\u00e7a damunt la bicicleta, hem treballat diferents aspectes com ara la coordinaci\u00f3, el control, l\u2019equilibri i el respecte a les normes de circulaci\u00f3.<\/p>\n<p class=\"\" style=\"text-align: justify;\" data-start=\"766\" data-end=\"988\">Tamb\u00e9 hem aprofitat per refor\u00e7ar el treball en equip i la companyonia, ajudant-nos els uns als altres a superar els petits reptes que ens an\u00e0vem trobant. I, \u00e9s clar, ho hem fet amb moltes ganes i una bona dosi de diversi\u00f3!<\/p>\n<p style=\"text-align: justify;\" data-start=\"766\" data-end=\"988\">Segur que la sortida anir\u00e0 genial i aconseguirem realitzar la ruta sense problemes!!!<\/p>\n<p style=\"text-align: justify;\" data-start=\"766\" data-end=\"988\"><a href=\"https:\/\/agora.xtec.cat\/ceipalbirka\/general\/fotografies-entrenaments-bicicletada-cs\/\">CLIQUEU AQU\u00cd PER VEURE LES FOTOGRAFIES!!!<\/a><\/p>\n","protected":false},"excerpt":{"rendered":"<p>A principis del mes d&#8217;abril, l\u2019alumnat de cicle superior ha gaudit d\u2019unes sessions d\u2019educaci\u00f3 f\u00edsica molt especials: hem agafat les bicicletes i hem convertit el pati de l\u2019escola i els seus voltants en un circuit d\u2019entrenament!<br \/>\nL\u2019objectiu d\u2019aquestes sessions era preparar-nos per a una sortida molt&hellip;  <a href=\"https:\/\/agora.xtec.cat\/ceipalbirka\/general\/e-f-amb-bicicleta-cs\/\" title=\"Read E.F amb BICICLETA (CS)\">Llegeix m\u00e9s\u00bb<\/a><\/p>\n","protected":false},"author":4,"featured_media":0,"comment_status":"closed","ping_status":"closed","sticky":false,"template":"","format":"standard","meta":{"_bbp_topic_count":0,"_bbp_reply_count":0,"_bbp_total_topic_count":0,"_bbp_total_reply_count":0,"_bbp_voice_count":0,"_bbp_anonymous_reply_count":0,"_bbp_topic_count_hidden":0,"_bbp_reply_count_hidden":0,"_bbp_forum_subforum_count":0,"footnotes":""},"categories":[21,14,41,35,1,4,75],"tags":[],"class_list":["post-10875","post","type-post","status-publish","format-standard","hentry","category-activitats-generals","category-cicle-superior","category-primaria","category-educacio-fisica","category-general","category-portada","category-telegram"],"post_mailing_queue_ids":[],"_links":{"self":[{"href":"https:\/\/agora.xtec.cat\/ceipalbirka\/wp-json\/wp\/v2\/posts\/10875","targetHints":{"allow":["GET"]}}],"collection":[{"href":"https:\/\/agora.xtec.cat\/ceipalbirka\/wp-json\/wp\/v2\/posts"}],"about":[{"href":"https:\/\/agora.xtec.cat\/ceipalbirka\/wp-json\/wp\/v2\/types\/post"}],"author":[{"embeddable":true,"href":"https:\/\/agora.xtec.cat\/ceipalbirka\/wp-json\/wp\/v2\/users\/4"}],"replies":[{"embeddable":true,"href":"https:\/\/agora.xtec.cat\/ceipalbirka\/wp-json\/wp\/v2\/comments?post=10875"}],"version-history":[{"count":1,"href":"https:\/\/agora.xtec.cat\/ceipalbirka\/wp-json\/wp\/v2\/posts\/10875\/revisions"}],"predecessor-version":[{"id":10877,"href":"https:\/\/agora.xtec.cat\/ceipalbirka\/wp-json\/wp\/v2\/posts\/10875\/revisions\/10877"}],"wp:attachment":[{"href":"https:\/\/agora.xtec.cat\/ceipalbirka\/wp-json\/wp\/v2\/media?parent=10875"}],"wp:term":[{"taxonomy":"category","embeddable":true,"href":"https:\/\/agora.xtec.cat\/ceipalbirka\/wp-json\/wp\/v2\/categories?post=10875"},{"taxonomy":"post_tag","embeddable":true,"href":"https:\/\/agora.xtec.cat\/ceipalbirka\/wp-json\/wp\/v2\/tags?post=10875"}],"curies":[{"name":"wp","href":"https:\/\/api.w.org\/{rel}","templated":true}]}}