{"id":10830,"date":"2025-04-10T10:58:54","date_gmt":"2025-04-10T08:58:54","guid":{"rendered":"https:\/\/agora.xtec.cat\/ceipalbirka\/?p=10830"},"modified":"2025-04-10T11:14:44","modified_gmt":"2025-04-10T09:14:44","slug":"taller-del-camp-a-lescola-ei","status":"publish","type":"post","link":"https:\/\/agora.xtec.cat\/ceipalbirka\/general\/taller-del-camp-a-lescola-ei\/","title":{"rendered":"TALLER DEL CAMP A L\u2019ESCOLA (EI)"},"content":{"rendered":"<p style=\"text-align: justify;\">El passat dimarts l\u2019alumnat d\u2019educaci\u00f3 infantil vam fer un taller <em>Del camp a l\u2019escola,<\/em> dins el <strong>Programa Escolar de fruites, hortalisses i llet.<\/strong><\/p>\n<p style=\"text-align: justify;\"><strong>El taller consistia en investigar d\u2019on provenen les fruites, verdures i l\u00e0ctics que mengem i el perqu\u00e8 s\u00f3n tant saludables per a nosaltres. Tamb\u00e9 vam fer un tast d\u2019aliments: poma, pastanaga i llet.<\/strong><\/p>\n<p style=\"text-align: justify;\"><a href=\"https:\/\/agora.xtec.cat\/ceipalbirka\/general\/fotografies-taller-del-camp-a-lescola-ei\/\">CLIQUEU AQU\u00cd PER VEURE LES FOTOGRAFIES!!<\/a><\/p>\n<p>&nbsp;<\/p>\n","protected":false},"excerpt":{"rendered":"<p>El passat dimarts l\u2019alumnat d\u2019educaci\u00f3 infantil vam fer un taller Del camp a l\u2019escola, dins el Programa Escolar de fruites, hortalisses i llet.<br \/>\nEl taller consistia en investigar d\u2019on provenen les fruites, verdures i l\u00e0ctics que mengem i el perqu\u00e8 s\u00f3n tant saludables per a nosaltres.&hellip;  <a href=\"https:\/\/agora.xtec.cat\/ceipalbirka\/general\/taller-del-camp-a-lescola-ei\/\" title=\"Read TALLER DEL CAMP A L\u2019ESCOLA (EI)\">Llegeix m\u00e9s\u00bb<\/a><\/p>\n","protected":false},"author":4,"featured_media":10831,"comment_status":"closed","ping_status":"closed","sticky":false,"template":"","format":"standard","meta":{"_bbp_topic_count":0,"_bbp_reply_count":0,"_bbp_total_topic_count":0,"_bbp_total_reply_count":0,"_bbp_voice_count":0,"_bbp_anonymous_reply_count":0,"_bbp_topic_count_hidden":0,"_bbp_reply_count_hidden":0,"_bbp_forum_subforum_count":0,"footnotes":""},"categories":[21,40,41,1,25,4,27,75],"tags":[],"class_list":["post-10830","post","type-post","status-publish","format-standard","has-post-thumbnail","hentry","category-activitats-generals","category-infantil","category-primaria","category-general","category-informacions","category-portada","category-el-raco-verd","category-telegram"],"post_mailing_queue_ids":[],"_links":{"self":[{"href":"https:\/\/agora.xtec.cat\/ceipalbirka\/wp-json\/wp\/v2\/posts\/10830","targetHints":{"allow":["GET"]}}],"collection":[{"href":"https:\/\/agora.xtec.cat\/ceipalbirka\/wp-json\/wp\/v2\/posts"}],"about":[{"href":"https:\/\/agora.xtec.cat\/ceipalbirka\/wp-json\/wp\/v2\/types\/post"}],"author":[{"embeddable":true,"href":"https:\/\/agora.xtec.cat\/ceipalbirka\/wp-json\/wp\/v2\/users\/4"}],"replies":[{"embeddable":true,"href":"https:\/\/agora.xtec.cat\/ceipalbirka\/wp-json\/wp\/v2\/comments?post=10830"}],"version-history":[{"count":1,"href":"https:\/\/agora.xtec.cat\/ceipalbirka\/wp-json\/wp\/v2\/posts\/10830\/revisions"}],"predecessor-version":[{"id":10832,"href":"https:\/\/agora.xtec.cat\/ceipalbirka\/wp-json\/wp\/v2\/posts\/10830\/revisions\/10832"}],"wp:featuredmedia":[{"embeddable":true,"href":"https:\/\/agora.xtec.cat\/ceipalbirka\/wp-json\/wp\/v2\/media\/10831"}],"wp:attachment":[{"href":"https:\/\/agora.xtec.cat\/ceipalbirka\/wp-json\/wp\/v2\/media?parent=10830"}],"wp:term":[{"taxonomy":"category","embeddable":true,"href":"https:\/\/agora.xtec.cat\/ceipalbirka\/wp-json\/wp\/v2\/categories?post=10830"},{"taxonomy":"post_tag","embeddable":true,"href":"https:\/\/agora.xtec.cat\/ceipalbirka\/wp-json\/wp\/v2\/tags?post=10830"}],"curies":[{"name":"wp","href":"https:\/\/api.w.org\/{rel}","templated":true}]}}