{"id":10801,"date":"2025-03-24T12:30:17","date_gmt":"2025-03-24T11:30:17","guid":{"rendered":"https:\/\/agora.xtec.cat\/ceipalbirka\/?p=10801"},"modified":"2025-03-24T12:30:17","modified_gmt":"2025-03-24T11:30:17","slug":"hola-castells-el-castell-darbeca-ci","status":"publish","type":"post","link":"https:\/\/agora.xtec.cat\/ceipalbirka\/general\/hola-castells-el-castell-darbeca-ci\/","title":{"rendered":"Hola, castells! El castell d\u2019Arbeca! (CI)"},"content":{"rendered":"<p style=\"text-align: justify;\">Aquest segon trimestre, l\u2019alumnat de primer cicle hem anat al castell del nostre poble, Arbeca.<\/p>\n<p style=\"text-align: justify;\">Els nens i les nenes vam visitar les torres del castell, les cavallerisses, la muralla, les presons i el portal dels Tres Reis. A m\u00e9s, vam poder observar de ben a prop la maqueta del castell, ubicada a l\u2019antic cos de gu\u00e0rdia. La maqueta ens va impressionar molt, ja que no ens esper\u00e0vem que al nostre poble hi hagu\u00e9s hagut un castell d\u2019aquestes dimensions.<\/p>\n<p style=\"text-align: justify;\">Des del mirador, i tamb\u00e9 des de dalt del campanar (ja que v\u00e0rem pujar les seves cinquanta escales!), vam gaudir del paisatge id\u00edl\u00b7lic que ens envolta. Es diu que, un dia de cel clar, es pot veure la Seu Vella de la ciutat de Lleida.<\/p>\n<p style=\"text-align: justify;\">Aquesta sortida ens va ajudar a seguir descobrint el nostre patrimoni hist\u00f2ric i cultural, i a con\u00e8ixer millor el m\u00f3n dels castells.<\/p>\n<p style=\"text-align: justify;\"><a href=\"https:\/\/agora.xtec.cat\/ceipalbirka\/general\/fotografies-sortida-castell-arbeca\/\">CLIQUEU AQU\u00cd PER VEURE LES FOTOGRAFIES!!<\/a><\/p>\n","protected":false},"excerpt":{"rendered":"<p>Aquest segon trimestre, l\u2019alumnat de primer cicle hem anat al castell del nostre poble, Arbeca.<br \/>\nEls nens i les nenes vam visitar les torres del castell, les cavallerisses, la muralla, les presons i el portal dels Tres Reis. A m\u00e9s, vam poder observar de ben a&hellip;  <a href=\"https:\/\/agora.xtec.cat\/ceipalbirka\/general\/hola-castells-el-castell-darbeca-ci\/\" title=\"Read Hola, castells! El castell d\u2019Arbeca! (CI)\">Llegeix m\u00e9s\u00bb<\/a><\/p>\n","protected":false},"author":4,"featured_media":10802,"comment_status":"closed","ping_status":"closed","sticky":false,"template":"","format":"standard","meta":{"_bbp_topic_count":0,"_bbp_reply_count":0,"_bbp_total_topic_count":0,"_bbp_total_reply_count":0,"_bbp_voice_count":0,"_bbp_anonymous_reply_count":0,"_bbp_topic_count_hidden":0,"_bbp_reply_count_hidden":0,"_bbp_forum_subforum_count":0,"footnotes":""},"categories":[21,10,40,41,1,25,4,75],"tags":[],"class_list":["post-10801","post","type-post","status-publish","format-standard","has-post-thumbnail","hentry","category-activitats-generals","category-cicle-inicial","category-infantil","category-primaria","category-general","category-informacions","category-portada","category-telegram"],"post_mailing_queue_ids":[],"_links":{"self":[{"href":"https:\/\/agora.xtec.cat\/ceipalbirka\/wp-json\/wp\/v2\/posts\/10801","targetHints":{"allow":["GET"]}}],"collection":[{"href":"https:\/\/agora.xtec.cat\/ceipalbirka\/wp-json\/wp\/v2\/posts"}],"about":[{"href":"https:\/\/agora.xtec.cat\/ceipalbirka\/wp-json\/wp\/v2\/types\/post"}],"author":[{"embeddable":true,"href":"https:\/\/agora.xtec.cat\/ceipalbirka\/wp-json\/wp\/v2\/users\/4"}],"replies":[{"embeddable":true,"href":"https:\/\/agora.xtec.cat\/ceipalbirka\/wp-json\/wp\/v2\/comments?post=10801"}],"version-history":[{"count":1,"href":"https:\/\/agora.xtec.cat\/ceipalbirka\/wp-json\/wp\/v2\/posts\/10801\/revisions"}],"predecessor-version":[{"id":10803,"href":"https:\/\/agora.xtec.cat\/ceipalbirka\/wp-json\/wp\/v2\/posts\/10801\/revisions\/10803"}],"wp:featuredmedia":[{"embeddable":true,"href":"https:\/\/agora.xtec.cat\/ceipalbirka\/wp-json\/wp\/v2\/media\/10802"}],"wp:attachment":[{"href":"https:\/\/agora.xtec.cat\/ceipalbirka\/wp-json\/wp\/v2\/media?parent=10801"}],"wp:term":[{"taxonomy":"category","embeddable":true,"href":"https:\/\/agora.xtec.cat\/ceipalbirka\/wp-json\/wp\/v2\/categories?post=10801"},{"taxonomy":"post_tag","embeddable":true,"href":"https:\/\/agora.xtec.cat\/ceipalbirka\/wp-json\/wp\/v2\/tags?post=10801"}],"curies":[{"name":"wp","href":"https:\/\/api.w.org\/{rel}","templated":true}]}}