{"id":10760,"date":"2025-03-05T12:09:27","date_gmt":"2025-03-05T11:09:27","guid":{"rendered":"https:\/\/agora.xtec.cat\/ceipalbirka\/?p=10760"},"modified":"2025-03-05T12:09:27","modified_gmt":"2025-03-05T11:09:27","slug":"carnestoltes-24-25","status":"publish","type":"post","link":"https:\/\/agora.xtec.cat\/ceipalbirka\/general\/carnestoltes-24-25\/","title":{"rendered":"CARNESTOLTES 24\/25"},"content":{"rendered":"<p style=\"text-align: justify;\" data-pm-slice=\"1 1 []\">El passat dijous, la nostra escola es va omplir de colors, alegria i creativitat amb la tradicional desfilada de Carnestoltes. Un any m\u00e9s, l\u2019alumnat i les seves fam\u00edlies van gaudir d\u2019una jornada plena de m\u00fasica, disfresses i bon ambient.<\/p>\n<p style=\"text-align: justify;\">L\u2019alumnat d\u2019Infantil va desfilar tot junt, oferint una explosi\u00f3 de tendresa i imaginaci\u00f3, mentre que els diferents cursos de Prim\u00e0ria ho van fer per separat, mostrant una gran diversitat de tem\u00e0tiques i disfresses. La m\u00fasica, seleccionada per l\u2019alumnat mateix, va aportar un ritme festiu que va fer vibrar tothom.<\/p>\n<p style=\"text-align: justify;\">Aquest any, tamb\u00e9 es va obrir les portes a les fam\u00edlies, per a que els familiars poguessin gaudir de la desfilada en directe. A m\u00e9s, se\u2019ls va convidar a venir disfressats, fet que va donar un toc encara m\u00e9s especial a la celebraci\u00f3. El punt culminant de la jornada va ser la desfilada dels mestres i dels familiars que s\u2019hi van voler sumar, creant un moment divertit i inoblidable.<\/p>\n<p style=\"text-align: justify;\">Amb aquesta celebraci\u00f3, la nostra escola reafirma el seu comprom\u00eds amb les tradicions i la conviv\u00e8ncia, oferint espais perqu\u00e8 petits i grans puguin expressar-se i compartir moments de felicitat. Ja esperem amb il\u00b7lusi\u00f3 el Carnestoltes de l\u2019any vinent!<\/p>\n<p><a href=\"https:\/\/agora.xtec.cat\/ceipalbirka\/general\/video-carnaval-ed-infantil\/\">CLIQUEU AQU\u00cd PER VEURE LA DESFILADA D&#8217;EDUCACI\u00d3 INFANTIL!!<\/a><\/p>\n<p><a href=\"https:\/\/agora.xtec.cat\/ceipalbirka\/general\/video-carnaval-1r\/\">CLIQUEU AQU\u00cd PER VEURE LA DESFILADA DE PRIMER!!<\/a><\/p>\n<p><a href=\"https:\/\/agora.xtec.cat\/ceipalbirka\/general\/video-carnaval-2n\/\">CLIQUEU AQU\u00cd PER VEURE LA DESFILADA DE SEGON!!<\/a><\/p>\n<p><a href=\"https:\/\/agora.xtec.cat\/ceipalbirka\/general\/video-carnaval-3r\/\">CLIQUEU AQU\u00cd PER VEURE LA DESFILADA DE TERCER!!<\/a><\/p>\n<p><a href=\"https:\/\/agora.xtec.cat\/ceipalbirka\/general\/video-carnaval-4t\/\">CLIQUEU AQU\u00cd PER VEURE LA DESFILADA DE QUART!!<\/a><\/p>\n<p><a href=\"https:\/\/agora.xtec.cat\/ceipalbirka\/general\/video-carnaval-5e\/\">CLIQUEU AQU\u00cd PER VEURE LA DESFILADA DE CINQU\u00c8!!<\/a><\/p>\n<p><a href=\"https:\/\/agora.xtec.cat\/ceipalbirka\/general\/video-carnaval-6e\/\">CLIQUEU AQU\u00cd PER VEURE LA DESFILADA DE SIS\u00c8!!<\/a><\/p>\n<p><a href=\"https:\/\/agora.xtec.cat\/ceipalbirka\/general\/fotografies-grup-carnestoltes\/\">CLIQUEU AQU\u00cd PER VEURE LES FOTOGRAFIES!!<\/a><\/p>\n<p>&nbsp;<\/p>\n","protected":false},"excerpt":{"rendered":"<p>El passat dijous, la nostra escola es va omplir de colors, alegria i creativitat amb la tradicional desfilada de Carnestoltes. Un any m\u00e9s, l\u2019alumnat i les seves fam\u00edlies van gaudir d\u2019una jornada plena de m\u00fasica, disfresses i bon ambient.<br \/>\nL\u2019alumnat d\u2019Infantil va desfilar tot junt, oferint&hellip;  <a href=\"https:\/\/agora.xtec.cat\/ceipalbirka\/general\/carnestoltes-24-25\/\" title=\"Read CARNESTOLTES 24\/25\">Llegeix m\u00e9s\u00bb<\/a><\/p>\n","protected":false},"author":4,"featured_media":9832,"comment_status":"closed","ping_status":"closed","sticky":false,"template":"","format":"standard","meta":{"_bbp_topic_count":0,"_bbp_reply_count":0,"_bbp_total_topic_count":0,"_bbp_total_reply_count":0,"_bbp_voice_count":0,"_bbp_anonymous_reply_count":0,"_bbp_topic_count_hidden":0,"_bbp_reply_count_hidden":0,"_bbp_forum_subforum_count":0,"footnotes":""},"categories":[21,10,12,14,40,41,35,1,37,4,75],"tags":[],"class_list":["post-10760","post","type-post","status-publish","format-standard","has-post-thumbnail","hentry","category-activitats-generals","category-cicle-inicial","category-cicle-mitja","category-cicle-superior","category-infantil","category-primaria","category-educacio-fisica","category-general","category-musica","category-portada","category-telegram"],"post_mailing_queue_ids":[],"_links":{"self":[{"href":"https:\/\/agora.xtec.cat\/ceipalbirka\/wp-json\/wp\/v2\/posts\/10760","targetHints":{"allow":["GET"]}}],"collection":[{"href":"https:\/\/agora.xtec.cat\/ceipalbirka\/wp-json\/wp\/v2\/posts"}],"about":[{"href":"https:\/\/agora.xtec.cat\/ceipalbirka\/wp-json\/wp\/v2\/types\/post"}],"author":[{"embeddable":true,"href":"https:\/\/agora.xtec.cat\/ceipalbirka\/wp-json\/wp\/v2\/users\/4"}],"replies":[{"embeddable":true,"href":"https:\/\/agora.xtec.cat\/ceipalbirka\/wp-json\/wp\/v2\/comments?post=10760"}],"version-history":[{"count":1,"href":"https:\/\/agora.xtec.cat\/ceipalbirka\/wp-json\/wp\/v2\/posts\/10760\/revisions"}],"predecessor-version":[{"id":10761,"href":"https:\/\/agora.xtec.cat\/ceipalbirka\/wp-json\/wp\/v2\/posts\/10760\/revisions\/10761"}],"wp:featuredmedia":[{"embeddable":true,"href":"https:\/\/agora.xtec.cat\/ceipalbirka\/wp-json\/wp\/v2\/media\/9832"}],"wp:attachment":[{"href":"https:\/\/agora.xtec.cat\/ceipalbirka\/wp-json\/wp\/v2\/media?parent=10760"}],"wp:term":[{"taxonomy":"category","embeddable":true,"href":"https:\/\/agora.xtec.cat\/ceipalbirka\/wp-json\/wp\/v2\/categories?post=10760"},{"taxonomy":"post_tag","embeddable":true,"href":"https:\/\/agora.xtec.cat\/ceipalbirka\/wp-json\/wp\/v2\/tags?post=10760"}],"curies":[{"name":"wp","href":"https:\/\/api.w.org\/{rel}","templated":true}]}}