{"id":10683,"date":"2025-02-13T12:44:21","date_gmt":"2025-02-13T11:44:21","guid":{"rendered":"https:\/\/agora.xtec.cat\/ceipalbirka\/?p=10683"},"modified":"2025-02-13T12:44:21","modified_gmt":"2025-02-13T11:44:21","slug":"taller-de-lapilo-cs","status":"publish","type":"post","link":"https:\/\/agora.xtec.cat\/ceipalbirka\/general\/taller-de-lapilo-cs\/","title":{"rendered":"Taller de l&#8217;APILO (CS)"},"content":{"rendered":"<p style=\"text-align: justify;\">Un experiment amb materials casolans!<\/p>\n<p style=\"text-align: justify;\">L&#8217;alumnat de CS ha tingut l&#8217;oportunitat de participar en un taller organitzar per l&#8217;APILO, una iniciativa educativa i sostenible que ens ajuda a entendre la import\u00e0ncia de reciclar piles i cuidar el nostre planeta.<\/p>\n<p style=\"text-align: justify;\">Amb activitats din\u00e0miques i experimentals, l&#8217;APILO ens ha fet descobrir com petits canvis poden tenir grans impactes.<\/p>\n<p style=\"text-align: justify;\">El taller ha estat un experiment pr\u00e0ctic on hem apr\u00e8s a generar energia el\u00e8ctrica a partir d&#8217;una llimona, una moneda i un clau. Aquest experiment senzill, per\u00f2 fascinant, ha captivat l&#8217;alumnat i els ha fet entendre d&#8217;on prov\u00e9 l&#8217;energia que utilitzem cada dia.<\/p>\n<p style=\"text-align: justify;\"><a href=\"https:\/\/agora.xtec.cat\/ceipalbirka\/general\/fotografies-taller-apilo-cs\/\">CLIQUEU AQU\u00cd PER VEURE LES FOTOGRAFIES!!<\/a><\/p>\n","protected":false},"excerpt":{"rendered":"<p>Un experiment amb materials casolans!<br \/>\nL&#8217;alumnat de CS ha tingut l&#8217;oportunitat de participar en un taller organitzar per l&#8217;APILO, una iniciativa educativa i sostenible que ens ajuda a entendre la import\u00e0ncia de reciclar piles i cuidar el nostre planeta.<br \/>\nAmb activitats din\u00e0miques i experimentals, l&#8217;APILO ens ha&hellip;  <a href=\"https:\/\/agora.xtec.cat\/ceipalbirka\/general\/taller-de-lapilo-cs\/\" title=\"Read Taller de l&#8217;APILO (CS)\">Llegeix m\u00e9s\u00bb<\/a><\/p>\n","protected":false},"author":4,"featured_media":10684,"comment_status":"closed","ping_status":"closed","sticky":false,"template":"","format":"standard","meta":{"_bbp_topic_count":0,"_bbp_reply_count":0,"_bbp_total_topic_count":0,"_bbp_total_reply_count":0,"_bbp_voice_count":0,"_bbp_anonymous_reply_count":0,"_bbp_topic_count_hidden":0,"_bbp_reply_count_hidden":0,"_bbp_forum_subforum_count":0,"footnotes":""},"categories":[21,10,12,14,40,1,25,4,27,75],"tags":[],"class_list":["post-10683","post","type-post","status-publish","format-standard","has-post-thumbnail","hentry","category-activitats-generals","category-cicle-inicial","category-cicle-mitja","category-cicle-superior","category-infantil","category-general","category-informacions","category-portada","category-el-raco-verd","category-telegram"],"post_mailing_queue_ids":[],"_links":{"self":[{"href":"https:\/\/agora.xtec.cat\/ceipalbirka\/wp-json\/wp\/v2\/posts\/10683","targetHints":{"allow":["GET"]}}],"collection":[{"href":"https:\/\/agora.xtec.cat\/ceipalbirka\/wp-json\/wp\/v2\/posts"}],"about":[{"href":"https:\/\/agora.xtec.cat\/ceipalbirka\/wp-json\/wp\/v2\/types\/post"}],"author":[{"embeddable":true,"href":"https:\/\/agora.xtec.cat\/ceipalbirka\/wp-json\/wp\/v2\/users\/4"}],"replies":[{"embeddable":true,"href":"https:\/\/agora.xtec.cat\/ceipalbirka\/wp-json\/wp\/v2\/comments?post=10683"}],"version-history":[{"count":1,"href":"https:\/\/agora.xtec.cat\/ceipalbirka\/wp-json\/wp\/v2\/posts\/10683\/revisions"}],"predecessor-version":[{"id":10685,"href":"https:\/\/agora.xtec.cat\/ceipalbirka\/wp-json\/wp\/v2\/posts\/10683\/revisions\/10685"}],"wp:featuredmedia":[{"embeddable":true,"href":"https:\/\/agora.xtec.cat\/ceipalbirka\/wp-json\/wp\/v2\/media\/10684"}],"wp:attachment":[{"href":"https:\/\/agora.xtec.cat\/ceipalbirka\/wp-json\/wp\/v2\/media?parent=10683"}],"wp:term":[{"taxonomy":"category","embeddable":true,"href":"https:\/\/agora.xtec.cat\/ceipalbirka\/wp-json\/wp\/v2\/categories?post=10683"},{"taxonomy":"post_tag","embeddable":true,"href":"https:\/\/agora.xtec.cat\/ceipalbirka\/wp-json\/wp\/v2\/tags?post=10683"}],"curies":[{"name":"wp","href":"https:\/\/api.w.org\/{rel}","templated":true}]}}