{"id":10680,"date":"2025-02-13T12:24:45","date_gmt":"2025-02-13T11:24:45","guid":{"rendered":"https:\/\/agora.xtec.cat\/ceipalbirka\/?p=10680"},"modified":"2025-02-13T12:24:45","modified_gmt":"2025-02-13T11:24:45","slug":"missio-apilo-escola","status":"publish","type":"post","link":"https:\/\/agora.xtec.cat\/ceipalbirka\/general\/missio-apilo-escola\/","title":{"rendered":"MISSI\u00d3 APILO (ESCOLA)"},"content":{"rendered":"<p style=\"text-align: justify;\">Ens sumem a la missi\u00f3 APILO. Una proposta dels representats de la Comissi\u00f3 d&#8217;Escola Verda va ser reciclar m\u00e9s a l&#8217;escola. Aix\u00ed doncs, aquest any ens hem sumat a la missi\u00f3 APILO.<\/p>\n<p style=\"text-align: justify;\">Que \u00e9s l&#8217;APILO i per qu\u00e8 \u00e9s tan important?<\/p>\n<p style=\"text-align: justify;\">L&#8217;APILO \u00e9s un projecte impulsat a les escoles per promoure la recollida i el reciclatge de piles. Cada any, moltes piles es llencen de manera inadequada, la qual cosa genera un problema mediambiental greu. Si no es reciclen correctament, aquestes piles alliberen metalls pesants i subst\u00e0ncies t\u00f2xiques que poden contaminar la terra i les aig\u00fces. Gr\u00e0cies a APILO, aprenem a reciclar-les. Aix\u00ed materials com el ferro, el zinc o el coure es poden reutilitzar i redu\u00efm l&#8217;impacte ambiental.<\/p>\n<p style=\"text-align: justify;\">A la nostra escola, tenim un punt de recollida APILO, on les fam\u00edlies poden portar les piles i bateries gastades. Aquest \u00e9s nom\u00e9s un petit pas cap a un futur m\u00e9s sostenible, per\u00f2 un pas essencial.<\/p>\n<p style=\"text-align: justify;\"><a href=\"https:\/\/agora.xtec.cat\/ceipalbirka\/general\/fotografies-missio-apilo-escola\/\">Cliqueu AQU\u00cd per veure les fotografies!!<\/a><\/p>\n","protected":false},"excerpt":{"rendered":"<p>Ens sumem a la missi\u00f3 APILO. Una proposta dels representats de la Comissi\u00f3 d&#8217;Escola Verda va ser reciclar m\u00e9s a l&#8217;escola. Aix\u00ed doncs, aquest any ens hem sumat a la missi\u00f3 APILO.<br \/>\nQue \u00e9s l&#8217;APILO i per qu\u00e8 \u00e9s tan important?<br \/>\nL&#8217;APILO \u00e9s un projecte impulsat a&hellip;  <a href=\"https:\/\/agora.xtec.cat\/ceipalbirka\/general\/missio-apilo-escola\/\" title=\"Read MISSI\u00d3 APILO (ESCOLA)\">Llegeix m\u00e9s\u00bb<\/a><\/p>\n","protected":false},"author":4,"featured_media":10681,"comment_status":"closed","ping_status":"closed","sticky":false,"template":"","format":"standard","meta":{"_bbp_topic_count":0,"_bbp_reply_count":0,"_bbp_total_topic_count":0,"_bbp_total_reply_count":0,"_bbp_voice_count":0,"_bbp_anonymous_reply_count":0,"_bbp_topic_count_hidden":0,"_bbp_reply_count_hidden":0,"_bbp_forum_subforum_count":0,"footnotes":""},"categories":[21,10,12,14,40,41,1,25,4,27,75],"tags":[],"class_list":["post-10680","post","type-post","status-publish","format-standard","has-post-thumbnail","hentry","category-activitats-generals","category-cicle-inicial","category-cicle-mitja","category-cicle-superior","category-infantil","category-primaria","category-general","category-informacions","category-portada","category-el-raco-verd","category-telegram"],"post_mailing_queue_ids":[],"_links":{"self":[{"href":"https:\/\/agora.xtec.cat\/ceipalbirka\/wp-json\/wp\/v2\/posts\/10680","targetHints":{"allow":["GET"]}}],"collection":[{"href":"https:\/\/agora.xtec.cat\/ceipalbirka\/wp-json\/wp\/v2\/posts"}],"about":[{"href":"https:\/\/agora.xtec.cat\/ceipalbirka\/wp-json\/wp\/v2\/types\/post"}],"author":[{"embeddable":true,"href":"https:\/\/agora.xtec.cat\/ceipalbirka\/wp-json\/wp\/v2\/users\/4"}],"replies":[{"embeddable":true,"href":"https:\/\/agora.xtec.cat\/ceipalbirka\/wp-json\/wp\/v2\/comments?post=10680"}],"version-history":[{"count":1,"href":"https:\/\/agora.xtec.cat\/ceipalbirka\/wp-json\/wp\/v2\/posts\/10680\/revisions"}],"predecessor-version":[{"id":10682,"href":"https:\/\/agora.xtec.cat\/ceipalbirka\/wp-json\/wp\/v2\/posts\/10680\/revisions\/10682"}],"wp:featuredmedia":[{"embeddable":true,"href":"https:\/\/agora.xtec.cat\/ceipalbirka\/wp-json\/wp\/v2\/media\/10681"}],"wp:attachment":[{"href":"https:\/\/agora.xtec.cat\/ceipalbirka\/wp-json\/wp\/v2\/media?parent=10680"}],"wp:term":[{"taxonomy":"category","embeddable":true,"href":"https:\/\/agora.xtec.cat\/ceipalbirka\/wp-json\/wp\/v2\/categories?post=10680"},{"taxonomy":"post_tag","embeddable":true,"href":"https:\/\/agora.xtec.cat\/ceipalbirka\/wp-json\/wp\/v2\/tags?post=10680"}],"curies":[{"name":"wp","href":"https:\/\/api.w.org\/{rel}","templated":true}]}}