{"id":10595,"date":"2025-01-15T10:27:39","date_gmt":"2025-01-15T09:27:39","guid":{"rendered":"https:\/\/agora.xtec.cat\/ceipalbirka\/?p=10595"},"modified":"2025-01-15T10:48:12","modified_gmt":"2025-01-15T09:48:12","slug":"dance-your-style-albirka-2024","status":"publish","type":"post","link":"https:\/\/agora.xtec.cat\/ceipalbirka\/general\/dance-your-style-albirka-2024\/","title":{"rendered":"DANCE YOUR STYLE ALBIRKA 2024"},"content":{"rendered":"<p style=\"text-align: justify;\" data-pm-slice=\"1 1 []\">El passat 18 de desembre, l&#8217;escola Albirka va vibrar amb la celebraci\u00f3 del &#8216;Redbull Dance Your Style Albirka 2024&#8217;, un esdeveniment d&#8217;expressi\u00f3 corporal a trav\u00e9s de la m\u00fasica que va ser tot un \u00e8xit.<\/p>\n<p style=\"text-align: justify;\">L&#8217;activitat, organitzada com a situaci\u00f3 d&#8217;aprenentatge a l&#8217;\u00e0rea d&#8217;educaci\u00f3 f\u00edsica, va comptar amb la participaci\u00f3 de l&#8217;alumnat de segon a sis\u00e8. Despr\u00e9s d&#8217;uns c\u00e0stings previs on es van seleccionar els finalistes, aquests van tenir l&#8217;oportunitat d&#8217;escollir la seva pr\u00f2pia can\u00e7\u00f3 per ballar-la davant de tota l&#8217;escola en la gran final.<\/p>\n<p style=\"text-align: justify;\">L&#8217;escenari va ser espectacular: un cercle format per tot l&#8217;alumnat i professorat, amb els ballarins al centre, la m\u00fasica al m\u00e0xim volum, i com a decoraci\u00f3 un cartell gegant pintat per l&#8217;alumnat, envoltat d&#8217;una exposici\u00f3 de fotografies dels c\u00e0stings previs. L&#8217;ambient era incre\u00efble, amb un p\u00fablic entregat que no va parar d&#8217;animar i corejar.<\/p>\n<p style=\"text-align: justify;\">L&#8217;\u00e8xit va ser aclaparador, amb actuacions espectaculars i moments molt emotius. Els alumnes van demostrar talent, esfor\u00e7 i companyonia, i va ser molt emocionant veure&#8217;ls orgullosos de la seva feina.<\/p>\n<p style=\"text-align: justify;\">Aquest esdeveniment ha estat una experi\u00e8ncia inoblidable per a tota la comunitat educativa, reafirmant el valor de l&#8217;expressi\u00f3 art\u00edstica i el treball en equip a trav\u00e9s de l&#8217;educaci\u00f3 f\u00edsica.<\/p>\n<p>Cliqueu a la imatge per veure un v\u00eddeo-resum de l&#8217;esdeveniment!!<\/p>\n<p><a href=\"https:\/\/agora.xtec.cat\/ceipalbirka\/general\/video-redbull-dance-your-style\/\"><img loading=\"lazy\" decoding=\"async\" class=\"aligncenter  wp-image-10599\" src=\"https:\/\/agora.xtec.cat\/ceipalbirka\/wp-content\/uploads\/usu298\/2025\/01\/684fe92a-6e5b-431b-9179-95fbaf9051e5.webp\" alt=\"\" width=\"339\" height=\"339\" srcset=\"https:\/\/agora.xtec.cat\/ceipalbirka\/wp-content\/uploads\/usu298\/2025\/01\/684fe92a-6e5b-431b-9179-95fbaf9051e5.webp 1024w, https:\/\/agora.xtec.cat\/ceipalbirka\/wp-content\/uploads\/usu298\/2025\/01\/684fe92a-6e5b-431b-9179-95fbaf9051e5-300x300.webp 300w, https:\/\/agora.xtec.cat\/ceipalbirka\/wp-content\/uploads\/usu298\/2025\/01\/684fe92a-6e5b-431b-9179-95fbaf9051e5-150x150.webp 150w, https:\/\/agora.xtec.cat\/ceipalbirka\/wp-content\/uploads\/usu298\/2025\/01\/684fe92a-6e5b-431b-9179-95fbaf9051e5-768x768.webp 768w\" sizes=\"auto, (max-width: 339px) 100vw, 339px\" \/><\/a><\/p>\n","protected":false},"excerpt":{"rendered":"<p>El passat 18 de desembre, l&#8217;escola Albirka va vibrar amb la celebraci\u00f3 del &#8216;Redbull Dance Your Style Albirka 2024&#8217;, un esdeveniment d&#8217;expressi\u00f3 corporal a trav\u00e9s de la m\u00fasica que va ser tot un \u00e8xit.<br \/>\nL&#8217;activitat, organitzada com a situaci\u00f3 d&#8217;aprenentatge a l&#8217;\u00e0rea d&#8217;educaci\u00f3 f\u00edsica, va comptar&hellip;  <a href=\"https:\/\/agora.xtec.cat\/ceipalbirka\/general\/dance-your-style-albirka-2024\/\" title=\"Read DANCE YOUR STYLE ALBIRKA 2024\">Llegeix m\u00e9s\u00bb<\/a><\/p>\n","protected":false},"author":4,"featured_media":10596,"comment_status":"closed","ping_status":"closed","sticky":false,"template":"","format":"standard","meta":{"_bbp_topic_count":0,"_bbp_reply_count":0,"_bbp_total_topic_count":0,"_bbp_total_reply_count":0,"_bbp_voice_count":0,"_bbp_anonymous_reply_count":0,"_bbp_topic_count_hidden":0,"_bbp_reply_count_hidden":0,"_bbp_forum_subforum_count":0,"footnotes":""},"categories":[21,7,10,12,14,40,41,35,1,25,37,4,75],"tags":[],"class_list":["post-10595","post","type-post","status-publish","format-standard","has-post-thumbnail","hentry","category-activitats-generals","category-ampa","category-cicle-inicial","category-cicle-mitja","category-cicle-superior","category-infantil","category-primaria","category-educacio-fisica","category-general","category-informacions","category-musica","category-portada","category-telegram"],"post_mailing_queue_ids":[],"_links":{"self":[{"href":"https:\/\/agora.xtec.cat\/ceipalbirka\/wp-json\/wp\/v2\/posts\/10595","targetHints":{"allow":["GET"]}}],"collection":[{"href":"https:\/\/agora.xtec.cat\/ceipalbirka\/wp-json\/wp\/v2\/posts"}],"about":[{"href":"https:\/\/agora.xtec.cat\/ceipalbirka\/wp-json\/wp\/v2\/types\/post"}],"author":[{"embeddable":true,"href":"https:\/\/agora.xtec.cat\/ceipalbirka\/wp-json\/wp\/v2\/users\/4"}],"replies":[{"embeddable":true,"href":"https:\/\/agora.xtec.cat\/ceipalbirka\/wp-json\/wp\/v2\/comments?post=10595"}],"version-history":[{"count":2,"href":"https:\/\/agora.xtec.cat\/ceipalbirka\/wp-json\/wp\/v2\/posts\/10595\/revisions"}],"predecessor-version":[{"id":10600,"href":"https:\/\/agora.xtec.cat\/ceipalbirka\/wp-json\/wp\/v2\/posts\/10595\/revisions\/10600"}],"wp:featuredmedia":[{"embeddable":true,"href":"https:\/\/agora.xtec.cat\/ceipalbirka\/wp-json\/wp\/v2\/media\/10596"}],"wp:attachment":[{"href":"https:\/\/agora.xtec.cat\/ceipalbirka\/wp-json\/wp\/v2\/media?parent=10595"}],"wp:term":[{"taxonomy":"category","embeddable":true,"href":"https:\/\/agora.xtec.cat\/ceipalbirka\/wp-json\/wp\/v2\/categories?post=10595"},{"taxonomy":"post_tag","embeddable":true,"href":"https:\/\/agora.xtec.cat\/ceipalbirka\/wp-json\/wp\/v2\/tags?post=10595"}],"curies":[{"name":"wp","href":"https:\/\/api.w.org\/{rel}","templated":true}]}}