{"id":10583,"date":"2025-01-08T11:47:16","date_gmt":"2025-01-08T10:47:16","guid":{"rendered":"https:\/\/agora.xtec.cat\/ceipalbirka\/?p=10583"},"modified":"2025-09-08T09:10:13","modified_gmt":"2025-09-08T07:10:13","slug":"cantada-de-nadales-cm-i-cs","status":"publish","type":"post","link":"https:\/\/agora.xtec.cat\/ceipalbirka\/general\/cantada-de-nadales-cm-i-cs\/","title":{"rendered":"Cantada de Nadales (CM i CS)"},"content":{"rendered":"<p style=\"text-align: justify;\" data-pm-slice=\"1 1 []\">Abans de Nadal, els nens i nenes de cicle mitj\u00e0 i superior van visitar la resid\u00e8ncia del poble per fer una cantada de nadales i una petita recitaci\u00f3 de poemes. Va ser un mat\u00ed ple de m\u00e0gia, emoci\u00f3 i somriures, on petits i grans van connectar compartint l&#8217;esperit nadalenc. Els avis i \u00e0vies es van emocionar amb les veus plenes d&#8217;il\u00b7lusi\u00f3 i alegria. Va ser molt maco poder compartir aquest moment tan especial!<\/p>\n<p data-pm-slice=\"1 1 []\"><a href=\"https:\/\/agora.xtec.cat\/ceipalbirka\/general\/videos-nadales-cm\/\">Cliqueu AQU\u00cd per poder accedir a l&#8217;\u00e0lbum amb les actuacions de CM.<\/a><\/p>\n<p data-pm-slice=\"1 1 []\"><a href=\"https:\/\/agora.xtec.cat\/ceipalbirka\/general\/videos-nadales-cs\/\">Cliqueu AQU\u00cd per poder accedir a l&#8217;\u00e0lbum amb les actuacions de CS.<\/a><\/p>\n<p data-pm-slice=\"1 1 []\">\n","protected":false},"excerpt":{"rendered":"<p>Abans de Nadal, els nens i nenes de cicle mitj\u00e0 i superior van visitar la resid\u00e8ncia del poble per fer una cantada de nadales i una petita recitaci\u00f3 de poemes. Va ser un mat\u00ed ple de m\u00e0gia, emoci\u00f3 i somriures, on petits i grans van&hellip;  <a href=\"https:\/\/agora.xtec.cat\/ceipalbirka\/general\/cantada-de-nadales-cm-i-cs\/\" title=\"Read Cantada de Nadales (CM i CS)\">Llegeix m\u00e9s\u00bb<\/a><\/p>\n","protected":false},"author":4,"featured_media":0,"comment_status":"closed","ping_status":"closed","sticky":false,"template":"","format":"standard","meta":{"_bbp_topic_count":0,"_bbp_reply_count":0,"_bbp_total_topic_count":0,"_bbp_total_reply_count":0,"_bbp_voice_count":0,"_bbp_anonymous_reply_count":0,"_bbp_topic_count_hidden":0,"_bbp_reply_count_hidden":0,"_bbp_forum_subforum_count":0,"footnotes":""},"categories":[21,7,12,14,41,1,25,37,4,39,75],"tags":[],"class_list":["post-10583","post","type-post","status-publish","format-standard","hentry","category-activitats-generals","category-ampa","category-cicle-mitja","category-cicle-superior","category-primaria","category-general","category-informacions","category-musica","category-portada","category-religio","category-telegram"],"post_mailing_queue_ids":[],"_links":{"self":[{"href":"https:\/\/agora.xtec.cat\/ceipalbirka\/wp-json\/wp\/v2\/posts\/10583","targetHints":{"allow":["GET"]}}],"collection":[{"href":"https:\/\/agora.xtec.cat\/ceipalbirka\/wp-json\/wp\/v2\/posts"}],"about":[{"href":"https:\/\/agora.xtec.cat\/ceipalbirka\/wp-json\/wp\/v2\/types\/post"}],"author":[{"embeddable":true,"href":"https:\/\/agora.xtec.cat\/ceipalbirka\/wp-json\/wp\/v2\/users\/4"}],"replies":[{"embeddable":true,"href":"https:\/\/agora.xtec.cat\/ceipalbirka\/wp-json\/wp\/v2\/comments?post=10583"}],"version-history":[{"count":2,"href":"https:\/\/agora.xtec.cat\/ceipalbirka\/wp-json\/wp\/v2\/posts\/10583\/revisions"}],"predecessor-version":[{"id":10586,"href":"https:\/\/agora.xtec.cat\/ceipalbirka\/wp-json\/wp\/v2\/posts\/10583\/revisions\/10586"}],"wp:attachment":[{"href":"https:\/\/agora.xtec.cat\/ceipalbirka\/wp-json\/wp\/v2\/media?parent=10583"}],"wp:term":[{"taxonomy":"category","embeddable":true,"href":"https:\/\/agora.xtec.cat\/ceipalbirka\/wp-json\/wp\/v2\/categories?post=10583"},{"taxonomy":"post_tag","embeddable":true,"href":"https:\/\/agora.xtec.cat\/ceipalbirka\/wp-json\/wp\/v2\/tags?post=10583"}],"curies":[{"name":"wp","href":"https:\/\/api.w.org\/{rel}","templated":true}]}}