{"id":10564,"date":"2024-12-19T15:48:20","date_gmt":"2024-12-19T14:48:20","guid":{"rendered":"https:\/\/agora.xtec.cat\/ceipalbirka\/?p=10564"},"modified":"2024-12-19T15:48:20","modified_gmt":"2024-12-19T14:48:20","slug":"art-de-tardor-ci","status":"publish","type":"post","link":"https:\/\/agora.xtec.cat\/ceipalbirka\/general\/art-de-tardor-ci\/","title":{"rendered":"Art de tardor (CI)"},"content":{"rendered":"<p style=\"text-align: justify;\" align=\"justify\">Entre les activitats de tardor, les mandales s\u00f3n segurament una de les manualitats m\u00e9s creatives, i per tant, les que admeten m\u00e9s variacions.<\/p>\n<p style=\"text-align: justify;\" align=\"justify\">Els nens i les nenes de primer cicle hem anat a recollir tot tipus d\u2019elements naturals: fulles seques de tots colors, pedres, branques, aglans, castanyes, pinyes&#8230; I amb tot el recollit hem fet un munt de mandales creatives de tardor.<\/p>\n<p style=\"text-align: justify;\" align=\"justify\">Aqu\u00ed us en deixem algunes mostres!<\/p>\n<p style=\"text-align: justify;\" align=\"justify\">Cliqueu a la imatge per veure les fotografies de l&#8217;activitat!!<\/p>\n<p align=\"justify\"><a href=\"https:\/\/agora.xtec.cat\/ceipalbirka\/general\/fotografies-art-de-tardor-ci\/\"><img loading=\"lazy\" decoding=\"async\" class=\"aligncenter  wp-image-10566\" src=\"https:\/\/agora.xtec.cat\/ceipalbirka\/wp-content\/uploads\/usu298\/2024\/12\/Captura-de-pantalla-2024-12-19-154708-1.png\" alt=\"\" width=\"405\" height=\"200\" srcset=\"https:\/\/agora.xtec.cat\/ceipalbirka\/wp-content\/uploads\/usu298\/2024\/12\/Captura-de-pantalla-2024-12-19-154708-1.png 893w, https:\/\/agora.xtec.cat\/ceipalbirka\/wp-content\/uploads\/usu298\/2024\/12\/Captura-de-pantalla-2024-12-19-154708-1-300x148.png 300w, https:\/\/agora.xtec.cat\/ceipalbirka\/wp-content\/uploads\/usu298\/2024\/12\/Captura-de-pantalla-2024-12-19-154708-1-768x379.png 768w\" sizes=\"auto, (max-width: 405px) 100vw, 405px\" \/><\/a><\/p>\n","protected":false},"excerpt":{"rendered":"<p>Entre les activitats de tardor, les mandales s\u00f3n segurament una de les manualitats m\u00e9s creatives, i per tant, les que admeten m\u00e9s variacions.<br \/>\nEls nens i les nenes de primer cicle hem anat a recollir tot tipus d\u2019elements naturals: fulles seques de tots colors, pedres, branques,&hellip;  <a href=\"https:\/\/agora.xtec.cat\/ceipalbirka\/general\/art-de-tardor-ci\/\" title=\"Read Art de tardor (CI)\">Llegeix m\u00e9s\u00bb<\/a><\/p>\n","protected":false},"author":4,"featured_media":10565,"comment_status":"closed","ping_status":"closed","sticky":false,"template":"","format":"standard","meta":{"_bbp_topic_count":0,"_bbp_reply_count":0,"_bbp_total_topic_count":0,"_bbp_total_reply_count":0,"_bbp_voice_count":0,"_bbp_anonymous_reply_count":0,"_bbp_topic_count_hidden":0,"_bbp_reply_count_hidden":0,"_bbp_forum_subforum_count":0,"footnotes":""},"categories":[21,10,12,14,40,41,1,25,4,75],"tags":[],"class_list":["post-10564","post","type-post","status-publish","format-standard","has-post-thumbnail","hentry","category-activitats-generals","category-cicle-inicial","category-cicle-mitja","category-cicle-superior","category-infantil","category-primaria","category-general","category-informacions","category-portada","category-telegram"],"post_mailing_queue_ids":[],"_links":{"self":[{"href":"https:\/\/agora.xtec.cat\/ceipalbirka\/wp-json\/wp\/v2\/posts\/10564","targetHints":{"allow":["GET"]}}],"collection":[{"href":"https:\/\/agora.xtec.cat\/ceipalbirka\/wp-json\/wp\/v2\/posts"}],"about":[{"href":"https:\/\/agora.xtec.cat\/ceipalbirka\/wp-json\/wp\/v2\/types\/post"}],"author":[{"embeddable":true,"href":"https:\/\/agora.xtec.cat\/ceipalbirka\/wp-json\/wp\/v2\/users\/4"}],"replies":[{"embeddable":true,"href":"https:\/\/agora.xtec.cat\/ceipalbirka\/wp-json\/wp\/v2\/comments?post=10564"}],"version-history":[{"count":1,"href":"https:\/\/agora.xtec.cat\/ceipalbirka\/wp-json\/wp\/v2\/posts\/10564\/revisions"}],"predecessor-version":[{"id":10567,"href":"https:\/\/agora.xtec.cat\/ceipalbirka\/wp-json\/wp\/v2\/posts\/10564\/revisions\/10567"}],"wp:featuredmedia":[{"embeddable":true,"href":"https:\/\/agora.xtec.cat\/ceipalbirka\/wp-json\/wp\/v2\/media\/10565"}],"wp:attachment":[{"href":"https:\/\/agora.xtec.cat\/ceipalbirka\/wp-json\/wp\/v2\/media?parent=10564"}],"wp:term":[{"taxonomy":"category","embeddable":true,"href":"https:\/\/agora.xtec.cat\/ceipalbirka\/wp-json\/wp\/v2\/categories?post=10564"},{"taxonomy":"post_tag","embeddable":true,"href":"https:\/\/agora.xtec.cat\/ceipalbirka\/wp-json\/wp\/v2\/tags?post=10564"}],"curies":[{"name":"wp","href":"https:\/\/api.w.org\/{rel}","templated":true}]}}